{"id":2492,"count":235,"description":"Na antenie Katolickiego Radia Podlasie ruszy\u0142 cykl audycji \"\u017byjemy w pa\u0144stwie prawa\". Rozmawiamy w nich z ekspertami na temat tego, jak i gdzie szuka\u0107 pomocy kiedy stajemy si\u0119 ofiarami przest\u0119pstwa, jak dzia\u0142a\u0107 kiedy jeste\u015bmy \u015bwiadkami przest\u0119pstwa, gdzie szuka\u0107 pomocy, do jakich zapuka\u0107 drzwi. M\u00f3wimy te\u017c, jak dzia\u0142a w Polsce system sprawiedliwo\u015bci, jak jest reformowany, po co i dlaczego. \r\n\r\nAudycja realizowana jest wsp\u00f3lnie z Funduszem Sprawiedliwo\u015bci.","link":"http:\/\/archiwum.radiopodlasie.pl\/NEW\/category\/projekty\/zyjemy-w-panstwie-prawa\/","name":"\u017byjemy w pa\u0144stwie prawa","slug":"zyjemy-w-panstwie-prawa","taxonomy":"category","parent":905,"meta":[],"_links":{"self":[{"href":"http:\/\/archiwum.radiopodlasie.pl\/NEW\/wp-json\/wp\/v2\/categories\/2492","targetHints":{"allow":["GET"]}}],"collection":[{"href":"http:\/\/archiwum.radiopodlasie.pl\/NEW\/wp-json\/wp\/v2\/categories"}],"about":[{"href":"http:\/\/archiwum.radiopodlasie.pl\/NEW\/wp-json\/wp\/v2\/taxonomies\/category"}],"up":[{"embeddable":true,"href":"http:\/\/archiwum.radiopodlasie.pl\/NEW\/wp-json\/wp\/v2\/categories\/905"}],"wp:post_type":[{"href":"http:\/\/archiwum.radiopodlasie.pl\/NEW\/wp-json\/wp\/v2\/posts?categories=2492"}],"curies":[{"name":"wp","href":"https:\/\/api.w.org\/{rel}","templated":true}]}}