{"id":4378,"count":9,"description":"Zaprasza ks. Kamil Duszek, moderator diecezjalny Ruchu \u015awiat\u0142o-\u017bycie","link":"http:\/\/archiwum.radiopodlasie.pl\/NEW\/category\/religijne\/katechezy\/jezus-chrystus-panem-i-zbawicielem\/","name":"Jezus Chrystus Panem i Zbawicielem","slug":"jezus-chrystus-panem-i-zbawicielem","taxonomy":"category","parent":335,"meta":[],"_links":{"self":[{"href":"http:\/\/archiwum.radiopodlasie.pl\/NEW\/wp-json\/wp\/v2\/categories\/4378","targetHints":{"allow":["GET"]}}],"collection":[{"href":"http:\/\/archiwum.radiopodlasie.pl\/NEW\/wp-json\/wp\/v2\/categories"}],"about":[{"href":"http:\/\/archiwum.radiopodlasie.pl\/NEW\/wp-json\/wp\/v2\/taxonomies\/category"}],"up":[{"embeddable":true,"href":"http:\/\/archiwum.radiopodlasie.pl\/NEW\/wp-json\/wp\/v2\/categories\/335"}],"wp:post_type":[{"href":"http:\/\/archiwum.radiopodlasie.pl\/NEW\/wp-json\/wp\/v2\/posts?categories=4378"}],"curies":[{"name":"wp","href":"https:\/\/api.w.org\/{rel}","templated":true}]}}