{"id":4839,"count":1,"description":"Na cykl katechez o Naj\u015bwi\u0119tszym Sercu Pana Jezusa zaprasza ks. Pawe\u0142 Bro\u0144ski","link":"http:\/\/archiwum.radiopodlasie.pl\/NEW\/category\/religijne\/katechezy\/bog-ma-serce\/","name":"B\u00f3g Ma Serce","slug":"bog-ma-serce","taxonomy":"category","parent":335,"meta":[],"_links":{"self":[{"href":"http:\/\/archiwum.radiopodlasie.pl\/NEW\/wp-json\/wp\/v2\/categories\/4839","targetHints":{"allow":["GET"]}}],"collection":[{"href":"http:\/\/archiwum.radiopodlasie.pl\/NEW\/wp-json\/wp\/v2\/categories"}],"about":[{"href":"http:\/\/archiwum.radiopodlasie.pl\/NEW\/wp-json\/wp\/v2\/taxonomies\/category"}],"up":[{"embeddable":true,"href":"http:\/\/archiwum.radiopodlasie.pl\/NEW\/wp-json\/wp\/v2\/categories\/335"}],"wp:post_type":[{"href":"http:\/\/archiwum.radiopodlasie.pl\/NEW\/wp-json\/wp\/v2\/posts?categories=4839"}],"curies":[{"name":"wp","href":"https:\/\/api.w.org\/{rel}","templated":true}]}}