{"id":4841,"count":1,"description":"Ks. Pawe\u0142 Bielecki - dyrektor Wydzia\u0142u Duszpasterstwa Og\u00f3lnego Kurii Diecezjalnej Siedleckiej - omawia dokument \"Kryteria eklezjalno\u015bci wsp\u00f3lnot katolickich\u201d. Dokument jest narz\u0119dziem pomocnym w rozeznawaniu komunii danej wsp\u00f3lnoty z Ko\u015bcio\u0142em powszechnym oraz jej zdrowego funkcjonowania i rozwoju.","link":"http:\/\/archiwum.radiopodlasie.pl\/NEW\/category\/religijne\/katechezy\/katolickosc-czyli-co-nas-laczy\/","name":"Katolicko\u015b\u0107 - czyli co nas \u0142\u0105czy","slug":"katolickosc-czyli-co-nas-laczy","taxonomy":"category","parent":335,"meta":[],"_links":{"self":[{"href":"http:\/\/archiwum.radiopodlasie.pl\/NEW\/wp-json\/wp\/v2\/categories\/4841","targetHints":{"allow":["GET"]}}],"collection":[{"href":"http:\/\/archiwum.radiopodlasie.pl\/NEW\/wp-json\/wp\/v2\/categories"}],"about":[{"href":"http:\/\/archiwum.radiopodlasie.pl\/NEW\/wp-json\/wp\/v2\/taxonomies\/category"}],"up":[{"embeddable":true,"href":"http:\/\/archiwum.radiopodlasie.pl\/NEW\/wp-json\/wp\/v2\/categories\/335"}],"wp:post_type":[{"href":"http:\/\/archiwum.radiopodlasie.pl\/NEW\/wp-json\/wp\/v2\/posts?categories=4841"}],"curies":[{"name":"wp","href":"https:\/\/api.w.org\/{rel}","templated":true}]}}