{"id":10798,"date":"2021-01-04T13:24:00","date_gmt":"2021-01-04T12:24:00","guid":{"rendered":"http:\/\/archiwum.radiopodlasie.pl\/NEW\/?p=10798"},"modified":"2021-01-05T13:26:18","modified_gmt":"2021-01-05T12:26:18","slug":"toksyczne-zwiazki-2","status":"publish","type":"post","link":"http:\/\/archiwum.radiopodlasie.pl\/NEW\/2021\/01\/04\/toksyczne-zwiazki-2\/","title":{"rendered":"Toksyczne zwi\u0105zki"},"content":{"rendered":"<p>Tytu\u0142: Toksyczne zwi\u0105zki<br \/>Nazwa audycji: <strong><span style=\"color: #339966;\">\u015awiat ludzkich uczu\u0107<\/span><\/strong><br \/>Data emisji: 04-01-2021<\/p>\n<p>\u00a0<\/p>\n<div class=\"_3_bl\">\n<div class=\"_5w1r _3_om _5wdf\">\n<div class=\"_4gx_\">\n<div class=\"_1aa6\">\n<div class=\"\">\u00a0<\/div>\n<\/div>\n<\/div>\n<\/div>\n<\/div>\n\n\n<p><\/p>\n","protected":false},"excerpt":{"rendered":"<p>Tytu\u0142: Toksyczne zwi\u0105zkiNazwa audycji: \u015awiat ludzkich uczu\u0107Data emisji: 04-01-2021 \u00a0 \u00a0<\/p>\n","protected":false},"author":2,"featured_media":5963,"comment_status":"open","ping_status":"open","sticky":false,"template":"","format":"audio","meta":{"om_disable_all_campaigns":false,"_monsterinsights_skip_tracking":false,"_monsterinsights_sitenote_active":false,"_monsterinsights_sitenote_note":"","_monsterinsights_sitenote_category":0,"footnotes":""},"categories":[326],"tags":[24,28],"class_list":["post-10798","post","type-post","status-publish","format-audio","has-post-thumbnail","hentry","category-swiat-ludzkich-uczuc","tag-anna-kaszczyc","tag-swiat-ludzkich-uczuc","post_format-post-format-audio"],"aioseo_notices":[],"_links":{"self":[{"href":"http:\/\/archiwum.radiopodlasie.pl\/NEW\/wp-json\/wp\/v2\/posts\/10798","targetHints":{"allow":["GET"]}}],"collection":[{"href":"http:\/\/archiwum.radiopodlasie.pl\/NEW\/wp-json\/wp\/v2\/posts"}],"about":[{"href":"http:\/\/archiwum.radiopodlasie.pl\/NEW\/wp-json\/wp\/v2\/types\/post"}],"author":[{"embeddable":true,"href":"http:\/\/archiwum.radiopodlasie.pl\/NEW\/wp-json\/wp\/v2\/users\/2"}],"replies":[{"embeddable":true,"href":"http:\/\/archiwum.radiopodlasie.pl\/NEW\/wp-json\/wp\/v2\/comments?post=10798"}],"version-history":[{"count":1,"href":"http:\/\/archiwum.radiopodlasie.pl\/NEW\/wp-json\/wp\/v2\/posts\/10798\/revisions"}],"predecessor-version":[{"id":10799,"href":"http:\/\/archiwum.radiopodlasie.pl\/NEW\/wp-json\/wp\/v2\/posts\/10798\/revisions\/10799"}],"wp:featuredmedia":[{"embeddable":true,"href":"http:\/\/archiwum.radiopodlasie.pl\/NEW\/wp-json\/wp\/v2\/media\/5963"}],"wp:attachment":[{"href":"http:\/\/archiwum.radiopodlasie.pl\/NEW\/wp-json\/wp\/v2\/media?parent=10798"}],"wp:term":[{"taxonomy":"category","embeddable":true,"href":"http:\/\/archiwum.radiopodlasie.pl\/NEW\/wp-json\/wp\/v2\/categories?post=10798"},{"taxonomy":"post_tag","embeddable":true,"href":"http:\/\/archiwum.radiopodlasie.pl\/NEW\/wp-json\/wp\/v2\/tags?post=10798"}],"curies":[{"name":"wp","href":"https:\/\/api.w.org\/{rel}","templated":true}]}}