{"id":13305,"date":"2021-08-20T12:24:00","date_gmt":"2021-08-20T10:24:00","guid":{"rendered":"http:\/\/archiwum.radiopodlasie.pl\/NEW\/?p=13305"},"modified":"2021-08-20T12:27:15","modified_gmt":"2021-08-20T10:27:15","slug":"krzysztof-kryszczuk-prezydent-siedlec-wyciaga-reke-po-pieniadze-mieszkancow-gmin","status":"publish","type":"post","link":"http:\/\/archiwum.radiopodlasie.pl\/NEW\/2021\/08\/20\/krzysztof-kryszczuk-prezydent-siedlec-wyciaga-reke-po-pieniadze-mieszkancow-gmin\/","title":{"rendered":"Krzysztof Kryszczuk: Prezydent Siedlec wyci\u0105ga r\u0119k\u0119 po pieni\u0105dze mieszka\u0144c\u00f3w gmin"},"content":{"rendered":"<p>Tytu\u0142: Krzysztof Kryszczuk: Prezydent Siedlec wyci\u0105ga r\u0119k\u0119 po pieni\u0105dze mieszka\u0144c\u00f3w gmin<\/p>\n<p>Autor: Marcin Jab\u0142kowski <br \/>Nazwa audycji:<strong><span style=\"color: #339966;\"> O tym si\u0119 m\u00f3wi<\/span><\/strong><br \/>Data emisji: 20-08-2021<\/p>\n<p>W\u00f3jt gminy Wi\u015bniew Krzysztof Kryszczuk w rozmowie z Radiem Podlasie komentowa\u0142 rozmowy dotycz\u0105ce \u015bwiadczenia us\u0142ug komunikacji publicznej przez siedleckie MPK na terenie gmin powiatu siedleckiego. Odni\u00f3s\u0142 si\u0119 r\u00f3wnie\u017c do dyskusji na temat przebiegu autostrady A2 przez gmin\u0119 Wi\u015bniew.<\/p>\n<p>Go\u015b\u0107 Marcina Jab\u0142kowskiego skrytykowa\u0142 zachowanie Andrzeja Sitnika. Jak powiedzia\u0142, gminy od dawna p\u0142ac\u0105 za us\u0142ugi \u015bwiadczone przez miejskiego przewo\u017anika autobusowego. Wyrazi\u0142 przekonanie, \u017ce transport publiczny jest potrzebny, jednocze\u015bnie daj\u0105c do zrozumienia, \u017ce MPK nie musi by\u0107 monopolist\u0105 na tym rynku. Skrytykowa\u0142 r\u00f3wnie\u017c polityk\u0119 finansow\u0105 Prezydenta Siedlec, kt\u00f3ry, jak powiedzia\u0142, chce si\u0119gn\u0105\u0107 do kieszeni mieszka\u0144c\u00f3w gmin \u2013 prosz\u0105c mi\u0119dzy innymi o dofinansowanie miejskich szk\u00f3\u0142.<\/p>\n<p>Pytany o rozmowy z Generaln\u0105 Dyrekcj\u0105 Dr\u00f3g Krajowych i Autostrad w sprawie dr\u00f3g serwisowych autostrady A2 Krzysztof Kryszczuk wyrazi\u0142 nadziej\u0119 na przekonanie drogowc\u00f3w do racji gminy. Jak powiedzia\u0142, drogi serwisowe o proponowanej przez GDDKiA szeroko\u015bci 3 metr\u00f3w i szutrowej nawierzchni s\u0105 nie do zaakceptowania. Go\u015b\u0107 audycji O Tym Si\u0119 M\u00f3wi podkre\u015bli\u0142, \u017ce liczy na dalsze uczestnictwo w rozmowach pos\u0142a Krzysztofa Tch\u00f3rzewskiego. <\/p>\n<p><strong>\u00a0<\/strong><\/p>\n<p><strong>\u00a0<\/strong><\/p>\n\n\n<p><\/p>\n","protected":false},"excerpt":{"rendered":"<p>Tytu\u0142: Krzysztof Kryszczuk: Prezydent Siedlec wyci\u0105ga r\u0119k\u0119 po pieni\u0105dze mieszka\u0144c\u00f3w gmin Autor: Marcin Jab\u0142kowski Nazwa audycji: O tym si\u0119 m\u00f3wiData emisji: 20-08-2021 W\u00f3jt gminy Wi\u015bniew Krzysztof Kryszczuk w rozmowie z Radiem Podlasie komentowa\u0142 rozmowy&#46;&#46;&#46;<\/p>\n","protected":false},"author":2,"featured_media":5961,"comment_status":"open","ping_status":"open","sticky":false,"template":"","format":"audio","meta":{"om_disable_all_campaigns":false,"_monsterinsights_skip_tracking":false,"_monsterinsights_sitenote_active":false,"_monsterinsights_sitenote_note":"","_monsterinsights_sitenote_category":0,"footnotes":""},"categories":[332],"tags":[1353,202],"class_list":["post-13305","post","type-post","status-publish","format-audio","has-post-thumbnail","hentry","category-o-tym-sie-mowi","tag-krzysztof-kryszczuk","tag-marcin-jablkowski","post_format-post-format-audio"],"aioseo_notices":[],"_links":{"self":[{"href":"http:\/\/archiwum.radiopodlasie.pl\/NEW\/wp-json\/wp\/v2\/posts\/13305","targetHints":{"allow":["GET"]}}],"collection":[{"href":"http:\/\/archiwum.radiopodlasie.pl\/NEW\/wp-json\/wp\/v2\/posts"}],"about":[{"href":"http:\/\/archiwum.radiopodlasie.pl\/NEW\/wp-json\/wp\/v2\/types\/post"}],"author":[{"embeddable":true,"href":"http:\/\/archiwum.radiopodlasie.pl\/NEW\/wp-json\/wp\/v2\/users\/2"}],"replies":[{"embeddable":true,"href":"http:\/\/archiwum.radiopodlasie.pl\/NEW\/wp-json\/wp\/v2\/comments?post=13305"}],"version-history":[{"count":1,"href":"http:\/\/archiwum.radiopodlasie.pl\/NEW\/wp-json\/wp\/v2\/posts\/13305\/revisions"}],"predecessor-version":[{"id":13306,"href":"http:\/\/archiwum.radiopodlasie.pl\/NEW\/wp-json\/wp\/v2\/posts\/13305\/revisions\/13306"}],"wp:featuredmedia":[{"embeddable":true,"href":"http:\/\/archiwum.radiopodlasie.pl\/NEW\/wp-json\/wp\/v2\/media\/5961"}],"wp:attachment":[{"href":"http:\/\/archiwum.radiopodlasie.pl\/NEW\/wp-json\/wp\/v2\/media?parent=13305"}],"wp:term":[{"taxonomy":"category","embeddable":true,"href":"http:\/\/archiwum.radiopodlasie.pl\/NEW\/wp-json\/wp\/v2\/categories?post=13305"},{"taxonomy":"post_tag","embeddable":true,"href":"http:\/\/archiwum.radiopodlasie.pl\/NEW\/wp-json\/wp\/v2\/tags?post=13305"}],"curies":[{"name":"wp","href":"https:\/\/api.w.org\/{rel}","templated":true}]}}