{"id":14803,"date":"2022-01-29T13:03:00","date_gmt":"2022-01-29T12:03:00","guid":{"rendered":"http:\/\/archiwum.radiopodlasie.pl\/NEW\/?p=14803"},"modified":"2022-02-10T13:06:00","modified_gmt":"2022-02-10T12:06:00","slug":"rozmowa-z-tomaszem-goska-o-muzycznym-projekcie-genesis","status":"publish","type":"post","link":"http:\/\/archiwum.radiopodlasie.pl\/NEW\/2022\/01\/29\/rozmowa-z-tomaszem-goska-o-muzycznym-projekcie-genesis\/","title":{"rendered":"Rozmowa z Tomaszem Gosk\u0105 o muzycznym projekcie GENESIS"},"content":{"rendered":"<p>Tytu\u0142: Rozmowa z Tomaszem Gosk\u0105 o muzycznym projekcie GENESIS<\/p>\n<p>Autor: Agnieszka Osm\u00f3lska-Ilczuk<br \/>Nazwa audycji: <strong><span style=\"color: #339966;\">Wywiady, Kultura na Fali<\/span><\/strong><br \/>Data emisji: 29-01-2022<\/p>\n<p>\u00a0<\/p>\n\n\n<p><\/p>\n","protected":false},"excerpt":{"rendered":"<p>Tytu\u0142: Rozmowa z Tomaszem Gosk\u0105 o muzycznym projekcie GENESIS Autor: Agnieszka Osm\u00f3lska-IlczukNazwa audycji: Wywiady, Kultura na FaliData emisji: 29-01-2022 \u00a0<\/p>\n","protected":false},"author":2,"featured_media":6109,"comment_status":"open","ping_status":"open","sticky":false,"template":"","format":"audio","meta":{"om_disable_all_campaigns":false,"_monsterinsights_skip_tracking":false,"_monsterinsights_sitenote_active":false,"_monsterinsights_sitenote_note":"","_monsterinsights_sitenote_category":0,"footnotes":""},"categories":[361,2596,320],"tags":[204,3505,3504],"class_list":["post-14803","post","type-post","status-publish","format-audio","has-post-thumbnail","hentry","category-agnieszka-osmolska-ilczuk","category-kultura-na-fali","category-wywiady","tag-agnieszka-osmolska-ilczuk","tag-biegi","tag-robert-celinski","post_format-post-format-audio"],"aioseo_notices":[],"_links":{"self":[{"href":"http:\/\/archiwum.radiopodlasie.pl\/NEW\/wp-json\/wp\/v2\/posts\/14803","targetHints":{"allow":["GET"]}}],"collection":[{"href":"http:\/\/archiwum.radiopodlasie.pl\/NEW\/wp-json\/wp\/v2\/posts"}],"about":[{"href":"http:\/\/archiwum.radiopodlasie.pl\/NEW\/wp-json\/wp\/v2\/types\/post"}],"author":[{"embeddable":true,"href":"http:\/\/archiwum.radiopodlasie.pl\/NEW\/wp-json\/wp\/v2\/users\/2"}],"replies":[{"embeddable":true,"href":"http:\/\/archiwum.radiopodlasie.pl\/NEW\/wp-json\/wp\/v2\/comments?post=14803"}],"version-history":[{"count":1,"href":"http:\/\/archiwum.radiopodlasie.pl\/NEW\/wp-json\/wp\/v2\/posts\/14803\/revisions"}],"predecessor-version":[{"id":14804,"href":"http:\/\/archiwum.radiopodlasie.pl\/NEW\/wp-json\/wp\/v2\/posts\/14803\/revisions\/14804"}],"wp:featuredmedia":[{"embeddable":true,"href":"http:\/\/archiwum.radiopodlasie.pl\/NEW\/wp-json\/wp\/v2\/media\/6109"}],"wp:attachment":[{"href":"http:\/\/archiwum.radiopodlasie.pl\/NEW\/wp-json\/wp\/v2\/media?parent=14803"}],"wp:term":[{"taxonomy":"category","embeddable":true,"href":"http:\/\/archiwum.radiopodlasie.pl\/NEW\/wp-json\/wp\/v2\/categories?post=14803"},{"taxonomy":"post_tag","embeddable":true,"href":"http:\/\/archiwum.radiopodlasie.pl\/NEW\/wp-json\/wp\/v2\/tags?post=14803"}],"curies":[{"name":"wp","href":"https:\/\/api.w.org\/{rel}","templated":true}]}}