{"id":1737,"date":"2018-08-22T13:01:25","date_gmt":"2018-08-22T11:01:25","guid":{"rendered":"http:\/\/archiwum.radiopodlasie.pl\/NEW\/?p=1737"},"modified":"2018-08-22T13:01:25","modified_gmt":"2018-08-22T11:01:25","slug":"lochow-zbyt-miekka-polityka-burmistrza","status":"publish","type":"post","link":"http:\/\/archiwum.radiopodlasie.pl\/NEW\/2018\/08\/22\/lochow-zbyt-miekka-polityka-burmistrza\/","title":{"rendered":"\u0141och\u00f3w: Zbyt mi\u0119kka polityka burmistrza?"},"content":{"rendered":"<p>Tytu\u0142: <strong><em><span style=\"color: #008000;\">\u0141och\u00f3w: Zbyt mi\u0119kka polityka burmistrza?<\/span><\/em><\/strong><br \/>\nAutor:<strong>Marcin Jab\u0142kowski<\/strong><br \/>\nNazwa audycji: <strong><span style=\"color: #339966;\"> Wywiady<\/span><\/strong><br \/>\nData emisji: 22-08-2018<\/p>\n<p>Robert Zaliwski i Miros\u0142aw Pli\u017cga byli go\u015b\u0107mi Marcina Jab\u0142kowskiego w porannej audycji O Tym Si\u0119 M\u00f3wi. Rozmowa dotyczy\u0142a protestu mieszka\u0144c\u00f3w ulicy Wyszkowskiej w \u0141ochowie w sprawie planowanej tam budowy wiaduktu nad torami.<\/p>\n","protected":false},"excerpt":{"rendered":"<p>Tytu\u0142: \u0141och\u00f3w: Zbyt mi\u0119kka polityka burmistrza? Autor:Marcin Jab\u0142kowski Nazwa audycji: Wywiady Data emisji: 22-08-2018 Robert Zaliwski i Miros\u0142aw Pli\u017cga byli go\u015b\u0107mi Marcina Jab\u0142kowskiego w porannej audycji O Tym Si\u0119 M\u00f3wi. Rozmowa dotyczy\u0142a protestu mieszka\u0144c\u00f3w&#46;&#46;&#46;<\/p>\n","protected":false},"author":2,"featured_media":0,"comment_status":"open","ping_status":"open","sticky":false,"template":"","format":"standard","meta":{"om_disable_all_campaigns":false,"_monsterinsights_skip_tracking":false,"_monsterinsights_sitenote_active":false,"_monsterinsights_sitenote_note":"","_monsterinsights_sitenote_category":0,"footnotes":""},"categories":[332],"tags":[51,202,6,1116],"class_list":["post-1737","post","type-post","status-publish","format-standard","hentry","category-o-tym-sie-mowi","tag-lochow","tag-marcin-jablkowski","tag-o-tym-sie-mowi","tag-robert-zaliwski-i-miroslaw-plizga"],"aioseo_notices":[],"_links":{"self":[{"href":"http:\/\/archiwum.radiopodlasie.pl\/NEW\/wp-json\/wp\/v2\/posts\/1737","targetHints":{"allow":["GET"]}}],"collection":[{"href":"http:\/\/archiwum.radiopodlasie.pl\/NEW\/wp-json\/wp\/v2\/posts"}],"about":[{"href":"http:\/\/archiwum.radiopodlasie.pl\/NEW\/wp-json\/wp\/v2\/types\/post"}],"author":[{"embeddable":true,"href":"http:\/\/archiwum.radiopodlasie.pl\/NEW\/wp-json\/wp\/v2\/users\/2"}],"replies":[{"embeddable":true,"href":"http:\/\/archiwum.radiopodlasie.pl\/NEW\/wp-json\/wp\/v2\/comments?post=1737"}],"version-history":[{"count":0,"href":"http:\/\/archiwum.radiopodlasie.pl\/NEW\/wp-json\/wp\/v2\/posts\/1737\/revisions"}],"wp:attachment":[{"href":"http:\/\/archiwum.radiopodlasie.pl\/NEW\/wp-json\/wp\/v2\/media?parent=1737"}],"wp:term":[{"taxonomy":"category","embeddable":true,"href":"http:\/\/archiwum.radiopodlasie.pl\/NEW\/wp-json\/wp\/v2\/categories?post=1737"},{"taxonomy":"post_tag","embeddable":true,"href":"http:\/\/archiwum.radiopodlasie.pl\/NEW\/wp-json\/wp\/v2\/tags?post=1737"}],"curies":[{"name":"wp","href":"https:\/\/api.w.org\/{rel}","templated":true}]}}