{"id":18687,"date":"2023-02-11T12:51:00","date_gmt":"2023-02-11T11:51:00","guid":{"rendered":"http:\/\/archiwum.radiopodlasie.pl\/NEW\/?p=18687"},"modified":"2023-02-13T12:58:00","modified_gmt":"2023-02-13T11:58:00","slug":"porozmawiajmy-jak-ludzie","status":"publish","type":"post","link":"http:\/\/archiwum.radiopodlasie.pl\/NEW\/2023\/02\/11\/porozmawiajmy-jak-ludzie\/","title":{"rendered":"O decyzji Prezydenta Andrzeja Dudy w sprawie ustawy o S\u0105dzie Najwy\u017cszym"},"content":{"rendered":"<p>Tytu\u0142: Porozmawiajmy jak Ludzie<\/p>\n<p>Autor: Marcin Jab\u0142kowski <br \/>Nazwa audycji:<strong><span style=\"color: #339966;\"> Porozmawiajmy jak Ludzie<\/span><\/strong><br \/>Data emisji: 11-02-2023<\/p>\n<p>Pose\u0142 PiS Dariusz Stefaniuk, Marek Sawicki z PSL, Czes\u0142aw Mroczek z PO i Jacek Koz\u0142owski z Polski 2050 byli go\u015b\u0107mi sobotniej audycji Porozmawiajmy jak Ludzie. G\u0142\u00f3wnym tematem rozmowy by\u0142a decyzja Prezydenta Andrzeja Dudy w sprawie ustawy o S\u0105dzie Najwy\u017cszym.<\/p>\n<p>\u00a0<\/p>\n\n\n<p><\/p>\n","protected":false},"excerpt":{"rendered":"<p>Tytu\u0142: Porozmawiajmy jak Ludzie Autor: Marcin Jab\u0142kowski Nazwa audycji: Porozmawiajmy jak LudzieData emisji: 11-02-2023 Pose\u0142 PiS Dariusz Stefaniuk, Marek Sawicki z PSL, Czes\u0142aw Mroczek z PO i Jacek Koz\u0142owski z Polski 2050 byli go\u015b\u0107mi&#46;&#46;&#46;<\/p>\n","protected":false},"author":2,"featured_media":18493,"comment_status":"open","ping_status":"open","sticky":false,"template":"","format":"audio","meta":{"om_disable_all_campaigns":false,"_monsterinsights_skip_tracking":false,"_monsterinsights_sitenote_active":false,"_monsterinsights_sitenote_note":"","_monsterinsights_sitenote_category":0,"footnotes":""},"categories":[3534],"tags":[202],"class_list":["post-18687","post","type-post","status-publish","format-audio","has-post-thumbnail","hentry","category-porozmawiajmy-jak-ludzie","tag-marcin-jablkowski","post_format-post-format-audio"],"aioseo_notices":[],"_links":{"self":[{"href":"http:\/\/archiwum.radiopodlasie.pl\/NEW\/wp-json\/wp\/v2\/posts\/18687","targetHints":{"allow":["GET"]}}],"collection":[{"href":"http:\/\/archiwum.radiopodlasie.pl\/NEW\/wp-json\/wp\/v2\/posts"}],"about":[{"href":"http:\/\/archiwum.radiopodlasie.pl\/NEW\/wp-json\/wp\/v2\/types\/post"}],"author":[{"embeddable":true,"href":"http:\/\/archiwum.radiopodlasie.pl\/NEW\/wp-json\/wp\/v2\/users\/2"}],"replies":[{"embeddable":true,"href":"http:\/\/archiwum.radiopodlasie.pl\/NEW\/wp-json\/wp\/v2\/comments?post=18687"}],"version-history":[{"count":2,"href":"http:\/\/archiwum.radiopodlasie.pl\/NEW\/wp-json\/wp\/v2\/posts\/18687\/revisions"}],"predecessor-version":[{"id":18689,"href":"http:\/\/archiwum.radiopodlasie.pl\/NEW\/wp-json\/wp\/v2\/posts\/18687\/revisions\/18689"}],"wp:featuredmedia":[{"embeddable":true,"href":"http:\/\/archiwum.radiopodlasie.pl\/NEW\/wp-json\/wp\/v2\/media\/18493"}],"wp:attachment":[{"href":"http:\/\/archiwum.radiopodlasie.pl\/NEW\/wp-json\/wp\/v2\/media?parent=18687"}],"wp:term":[{"taxonomy":"category","embeddable":true,"href":"http:\/\/archiwum.radiopodlasie.pl\/NEW\/wp-json\/wp\/v2\/categories?post=18687"},{"taxonomy":"post_tag","embeddable":true,"href":"http:\/\/archiwum.radiopodlasie.pl\/NEW\/wp-json\/wp\/v2\/tags?post=18687"}],"curies":[{"name":"wp","href":"https:\/\/api.w.org\/{rel}","templated":true}]}}