{"id":18772,"date":"2023-02-10T13:00:00","date_gmt":"2023-02-10T12:00:00","guid":{"rendered":"http:\/\/archiwum.radiopodlasie.pl\/NEW\/?p=18772"},"modified":"2023-02-20T13:05:21","modified_gmt":"2023-02-20T12:05:21","slug":"nabozenstwo-pierwszych-sobot-propozycja-dla-kazdego","status":"publish","type":"post","link":"http:\/\/archiwum.radiopodlasie.pl\/NEW\/2023\/02\/10\/nabozenstwo-pierwszych-sobot-propozycja-dla-kazdego\/","title":{"rendered":"Nabo\u017ce\u0144stwo pierwszych sob\u00f3t \u2013 propozycj\u0105 dla ka\u017cdego"},"content":{"rendered":"<p>Tytu\u0142: <strong>Nabo\u017ce\u0144stwo pierwszych sob\u00f3t \u2013 propozycj\u0105 dla ka\u017cdego<\/strong><\/p>\n<p>Autor: Ks. Jacek Ja\u015bkowski<\/p>\n<p>Nazwa audycji: Akademickie Gaudeamus<br \/>Data emisji: 10-02-2023<\/p>\n<p style=\"margin-bottom: .0001pt;\"><strong><span style=\"font-family: 'Book Antiqua'; color: #222222; background: white;\">1. <\/span><\/strong><strong><span style=\"font-family: 'Book Antiqua'; color: #222222; background: white; font-weight: normal;\">Sk\u0105d si\u0119 wzi\u0119\u0142y nabo\u017ce\u0144stwa pierwszych sob\u00f3t miesi\u0105ca?<\/span><\/strong><\/p>\n<p style=\"margin-bottom: .0001pt;\"><strong><span style=\"font-family: 'Book Antiqua'; color: #222222; background: white;\">2. <\/span><\/strong><strong><span style=\"font-family: 'Book Antiqua'; color: #222222; background: white; font-weight: normal;\">O co w nich chodzi?<\/span><\/strong><\/p>\n<p style=\"margin-bottom: .0001pt;\"><strong><span style=\"font-family: 'Book Antiqua'; color: #222222; background: white;\">3. <\/span><\/strong><strong><span style=\"font-family: 'Book Antiqua'; color: #222222; background: white; font-weight: normal;\">Jak prawid\u0142owo powinno si\u0119 je odprawia\u0107?<\/span><\/strong><\/p>\n<p style=\"margin-bottom: .0001pt;\"><strong><span style=\"font-family: 'Book Antiqua'; color: #222222; background: white;\">4. <\/span><\/strong><strong><span style=\"font-family: 'Book Antiqua'; color: #222222; background: white; font-weight: normal;\">Dlaczego s\u0105 tak wa\u017cne i potrzebne dzisiaj?<\/span><\/strong><\/p>\n<p style=\"margin-bottom: .0001pt;\"><strong><span style=\"font-family: 'Book Antiqua'; color: black; background: white;\">5. <\/span><\/strong><strong><span style=\"font-family: 'Book Antiqua'; color: black; background: white; font-weight: normal;\">Rekolekcje ODDANIE 33.<\/span><\/strong><\/p>\n<p style=\"margin-bottom: .0001pt;\"><strong><span style=\"font-family: 'Book Antiqua'; color: black; background: white;\">6.<\/span><\/strong><strong><span style=\"font-family: 'Book Antiqua'; color: black; background: white; font-weight: normal;\"> M\u0119ski R\u00f3\u017caniec ulicami miasta.<\/span><\/strong><\/p>\n<p style=\"margin-bottom: .0001pt;\"><strong><span style=\"font-family: 'Book Antiqua'; color: black; background: white;\">7. <\/span><\/strong><strong><span style=\"font-family: 'Book Antiqua'; color: black; background: white; font-weight: normal;\">Jak przekona\u0107 M\u0142odzie\u017c \u2013 tak\u017ce Student\u00f3w \u2013 \u017ce te praktyki nie s\u0105 propozycj\u0105 tylko dla ich Bab\u0107 i Dziadk\u00f3w?<\/span><\/strong><\/p>\n<p style=\"margin-bottom: .0001pt;\"><strong><span style=\"font-family: 'Book Antiqua'; color: black; background: white;\">8.<\/span><\/strong><strong><span style=\"font-family: 'Book Antiqua'; color: black; background: white; font-weight: normal;\"> Co Matka Bo\u017ca ma do zaproponowania \u015arodowisku Akademickiemu, a ono \u2013 Matce Bo\u017cej?<\/span><\/strong><\/p>\n<p style=\"margin-bottom: .0001pt;\"><strong><span style=\"font-family: 'Book Antiqua'; color: black; background: white;\">9.<\/span><\/strong><strong><span style=\"font-family: 'Book Antiqua'; color: black; background: white; font-weight: normal;\"> Nasze osobiste do\u015bwiadczenia z praktykowania kultu Maryjnego.<\/span><\/strong><\/p>\n<p style=\"margin-bottom: .0001pt;\"><strong><span style=\"font-family: 'Book Antiqua'; color: black; background: white;\">10.<\/span><\/strong><strong><span style=\"font-family: 'Book Antiqua'; color: black; background: white; font-weight: normal;\"> S\u0142owo zach\u0119ty i nadziei\u2026<\/span><\/strong><\/p>\n<p style=\"margin-bottom: .0001pt;\">\u00a0<\/p>\n<p style=\"margin-bottom: .0001pt; text-indent: 39.7pt;\"><b><u><span style=\"font-family: 'Book Antiqua'; color: black;\">UCZESTNICY:<\/span><\/u><\/b><\/p>\n<p style=\"margin-bottom: .0001pt;\"><span style=\"color: #222222;\">\u25ba<\/span><b><span style=\"font-family: 'Book Antiqua'; color: #222222;\">O. Dariusz Galant OMI \u2013 Misjonarz z Kodnia,<\/span><\/b><\/p>\n<p style=\"margin-bottom: .0001pt;\"><span style=\"color: #222222;\">\u25ba<\/span><b><span style=\"font-family: 'Book Antiqua'; color: #222222;\">\u015awieccy Propagatorzy kultu Maryjnego i pierwszych sob\u00f3t miesi\u0105ca<\/span><\/b><\/p>\n<p style=\"margin-bottom: .0001pt;\"><span style=\"color: #222222;\">\u25ba<\/span><b><span style=\"font-family: 'Book Antiqua'; color: #222222;\">Przedstawiciele Spo\u0142eczno\u015bci Akademickiej<\/span><\/b><\/p>\n<p style=\"margin-bottom: .0001pt;\">\u00a0<\/p>\n\n\n<p><\/p>\n","protected":false},"excerpt":{"rendered":"<p>Tytu\u0142: Nabo\u017ce\u0144stwo pierwszych sob\u00f3t \u2013 propozycj\u0105 dla ka\u017cdego Autor: Ks. Jacek Ja\u015bkowski Nazwa audycji: Akademickie GaudeamusData emisji: 10-02-2023 1. Sk\u0105d si\u0119 wzi\u0119\u0142y nabo\u017ce\u0144stwa pierwszych sob\u00f3t miesi\u0105ca? 2. O co w nich chodzi? 3. Jak&#46;&#46;&#46;<\/p>\n","protected":false},"author":2,"featured_media":5870,"comment_status":"open","ping_status":"open","sticky":false,"template":"","format":"audio","meta":{"om_disable_all_campaigns":false,"_monsterinsights_skip_tracking":false,"_monsterinsights_sitenote_active":false,"_monsterinsights_sitenote_note":"","_monsterinsights_sitenote_category":0,"footnotes":""},"categories":[3527],"tags":[3526],"class_list":["post-18772","post","type-post","status-publish","format-audio","has-post-thumbnail","hentry","category-akademickie-gaudeamus","tag-akademickie-gaudeamus","post_format-post-format-audio"],"aioseo_notices":[],"_links":{"self":[{"href":"http:\/\/archiwum.radiopodlasie.pl\/NEW\/wp-json\/wp\/v2\/posts\/18772","targetHints":{"allow":["GET"]}}],"collection":[{"href":"http:\/\/archiwum.radiopodlasie.pl\/NEW\/wp-json\/wp\/v2\/posts"}],"about":[{"href":"http:\/\/archiwum.radiopodlasie.pl\/NEW\/wp-json\/wp\/v2\/types\/post"}],"author":[{"embeddable":true,"href":"http:\/\/archiwum.radiopodlasie.pl\/NEW\/wp-json\/wp\/v2\/users\/2"}],"replies":[{"embeddable":true,"href":"http:\/\/archiwum.radiopodlasie.pl\/NEW\/wp-json\/wp\/v2\/comments?post=18772"}],"version-history":[{"count":1,"href":"http:\/\/archiwum.radiopodlasie.pl\/NEW\/wp-json\/wp\/v2\/posts\/18772\/revisions"}],"predecessor-version":[{"id":18773,"href":"http:\/\/archiwum.radiopodlasie.pl\/NEW\/wp-json\/wp\/v2\/posts\/18772\/revisions\/18773"}],"wp:featuredmedia":[{"embeddable":true,"href":"http:\/\/archiwum.radiopodlasie.pl\/NEW\/wp-json\/wp\/v2\/media\/5870"}],"wp:attachment":[{"href":"http:\/\/archiwum.radiopodlasie.pl\/NEW\/wp-json\/wp\/v2\/media?parent=18772"}],"wp:term":[{"taxonomy":"category","embeddable":true,"href":"http:\/\/archiwum.radiopodlasie.pl\/NEW\/wp-json\/wp\/v2\/categories?post=18772"},{"taxonomy":"post_tag","embeddable":true,"href":"http:\/\/archiwum.radiopodlasie.pl\/NEW\/wp-json\/wp\/v2\/tags?post=18772"}],"curies":[{"name":"wp","href":"https:\/\/api.w.org\/{rel}","templated":true}]}}