{"id":18959,"date":"2023-03-03T14:21:00","date_gmt":"2023-03-03T13:21:00","guid":{"rendered":"http:\/\/archiwum.radiopodlasie.pl\/NEW\/?p=18959"},"modified":"2023-03-17T13:23:34","modified_gmt":"2023-03-17T12:23:34","slug":"przygotowanie-do-jubileuszu-300-lecia","status":"publish","type":"post","link":"http:\/\/archiwum.radiopodlasie.pl\/NEW\/2023\/03\/03\/przygotowanie-do-jubileuszu-300-lecia\/","title":{"rendered":"Przygotowanie do Jubileuszu 300-lecia Koronacji Obrazu MB Kode\u0144skiej"},"content":{"rendered":"<p>Tytu\u0142: Przygotowanie do Jubileuszu 300-lecia Koronacji Obrazu MB Kode\u0144skiej <\/p>\n<p>Autor: o. Pawe\u0142 Gomulak OMI<\/p>\n<p>Nazwa audycji: 300 lat Koronacji Obrazu MB Kode\u0144skiej <br>Data emisji: 03-03-2023<\/p>\n<p>W pierwsze pi\u0105tki miesi\u0105ca, na antenie Katolickiego Radia Podlasie b\u0119dzie mo\u017cna wys\u0142ucha\u0107 audycji, kt\u00f3re b\u0119d\u0105 przybli\u017ca\u0107 histori\u0119 Sanktuarium Matki Bo\u017cej Kode\u0144skiej oraz znaczenie zbli\u017caj\u0105cych si\u0119 wydarze\u0144 300-lecia Koronacji Obrazu Matki Jedno\u015bci &#8211; Kr\u00f3lowej Podlasia.<\/p>\n<p>W marcu, w naszym studiu go\u015bcili\u015bmy: o. Micha\u0142a Hadricha OMI \u2013 proboszcza parafii w Kodniu, o. Paw\u0142a Gomulaka OMI \u2013 rzecznika Polskiej Prowincji Oblat\u00f3w oraz przedstawicieli Towarzystwa Przyjaci\u00f3\u0142 Kodnia.<\/p>\n<p style=\"margin-bottom: .0001pt;\">\n<\/p><p style=\"margin-bottom: .0001pt;\">\n<\/p><p style=\"margin-bottom: .0001pt;\"><\/p>\n\n\n<p><\/p>\n","protected":false},"excerpt":{"rendered":"<p>Tytu\u0142: Przygotowanie do Jubileuszu 300-lecia Koronacji Obrazu MB Kode\u0144skiej Autor: o. Pawe\u0142 Gomulak OMI Nazwa audycji: 300 lat Koronacji Obrazu MB Kode\u0144skiej Data emisji: 03-03-2023 W pierwsze pi\u0105tki miesi\u0105ca, na antenie Katolickiego Radia Podlasie&#46;&#46;&#46;<\/p>\n","protected":false},"author":2,"featured_media":5870,"comment_status":"open","ping_status":"open","sticky":false,"template":"","format":"audio","meta":{"om_disable_all_campaigns":false,"_monsterinsights_skip_tracking":false,"_monsterinsights_sitenote_active":false,"_monsterinsights_sitenote_note":"","_monsterinsights_sitenote_category":0,"footnotes":""},"categories":[3538],"tags":[],"class_list":["post-18959","post","type-post","status-publish","format-audio","has-post-thumbnail","hentry","category-300-lat-koronacji-obrazu-mb-kodenskiej","post_format-post-format-audio"],"aioseo_notices":[],"_links":{"self":[{"href":"http:\/\/archiwum.radiopodlasie.pl\/NEW\/wp-json\/wp\/v2\/posts\/18959","targetHints":{"allow":["GET"]}}],"collection":[{"href":"http:\/\/archiwum.radiopodlasie.pl\/NEW\/wp-json\/wp\/v2\/posts"}],"about":[{"href":"http:\/\/archiwum.radiopodlasie.pl\/NEW\/wp-json\/wp\/v2\/types\/post"}],"author":[{"embeddable":true,"href":"http:\/\/archiwum.radiopodlasie.pl\/NEW\/wp-json\/wp\/v2\/users\/2"}],"replies":[{"embeddable":true,"href":"http:\/\/archiwum.radiopodlasie.pl\/NEW\/wp-json\/wp\/v2\/comments?post=18959"}],"version-history":[{"count":3,"href":"http:\/\/archiwum.radiopodlasie.pl\/NEW\/wp-json\/wp\/v2\/posts\/18959\/revisions"}],"predecessor-version":[{"id":19034,"href":"http:\/\/archiwum.radiopodlasie.pl\/NEW\/wp-json\/wp\/v2\/posts\/18959\/revisions\/19034"}],"wp:featuredmedia":[{"embeddable":true,"href":"http:\/\/archiwum.radiopodlasie.pl\/NEW\/wp-json\/wp\/v2\/media\/5870"}],"wp:attachment":[{"href":"http:\/\/archiwum.radiopodlasie.pl\/NEW\/wp-json\/wp\/v2\/media?parent=18959"}],"wp:term":[{"taxonomy":"category","embeddable":true,"href":"http:\/\/archiwum.radiopodlasie.pl\/NEW\/wp-json\/wp\/v2\/categories?post=18959"},{"taxonomy":"post_tag","embeddable":true,"href":"http:\/\/archiwum.radiopodlasie.pl\/NEW\/wp-json\/wp\/v2\/tags?post=18959"}],"curies":[{"name":"wp","href":"https:\/\/api.w.org\/{rel}","templated":true}]}}