{"id":20073,"date":"2023-07-07T14:15:00","date_gmt":"2023-07-07T12:15:00","guid":{"rendered":"http:\/\/archiwum.radiopodlasie.pl\/NEW\/?p=20073"},"modified":"2023-07-31T14:22:40","modified_gmt":"2023-07-31T12:22:40","slug":"przebieg-uroczystosci-koronacyjnych","status":"publish","type":"post","link":"http:\/\/archiwum.radiopodlasie.pl\/NEW\/2023\/07\/07\/przebieg-uroczystosci-koronacyjnych\/","title":{"rendered":"Przebieg uroczysto\u015bci koronacyjnych"},"content":{"rendered":"<p>Tytu\u0142: Przebieg uroczysto\u015bci koronacyjnych <\/p>\n<p>Autor: ks. Jacek Ja\u015bkowski<\/p>\n<p>Nazwa audycji: 300 lat Koronacji Obrazu MB Kode\u0144skiej <br \/>Data emisji: 07-07-2023<\/p>\n<p>\u00a0<\/p>\n<p style=\"margin-bottom: .0001pt;\">\u00a0<\/p>\n<p style=\"margin-bottom: .0001pt;\">\u00a0<\/p>\n<p style=\"margin-bottom: .0001pt;\">\u00a0<\/p>\n\n\n<p><\/p>\n","protected":false},"excerpt":{"rendered":"<p>Tytu\u0142: Przebieg uroczysto\u015bci koronacyjnych Autor: ks. Jacek Ja\u015bkowski Nazwa audycji: 300 lat Koronacji Obrazu MB Kode\u0144skiej Data emisji: 07-07-2023 \u00a0 \u00a0 \u00a0 \u00a0<\/p>\n","protected":false},"author":2,"featured_media":5870,"comment_status":"open","ping_status":"open","sticky":false,"template":"","format":"audio","meta":{"om_disable_all_campaigns":false,"_monsterinsights_skip_tracking":false,"_monsterinsights_sitenote_active":false,"_monsterinsights_sitenote_note":"","_monsterinsights_sitenote_category":0,"footnotes":""},"categories":[3538],"tags":[],"class_list":["post-20073","post","type-post","status-publish","format-audio","has-post-thumbnail","hentry","category-300-lat-koronacji-obrazu-mb-kodenskiej","post_format-post-format-audio"],"aioseo_notices":[],"_links":{"self":[{"href":"http:\/\/archiwum.radiopodlasie.pl\/NEW\/wp-json\/wp\/v2\/posts\/20073","targetHints":{"allow":["GET"]}}],"collection":[{"href":"http:\/\/archiwum.radiopodlasie.pl\/NEW\/wp-json\/wp\/v2\/posts"}],"about":[{"href":"http:\/\/archiwum.radiopodlasie.pl\/NEW\/wp-json\/wp\/v2\/types\/post"}],"author":[{"embeddable":true,"href":"http:\/\/archiwum.radiopodlasie.pl\/NEW\/wp-json\/wp\/v2\/users\/2"}],"replies":[{"embeddable":true,"href":"http:\/\/archiwum.radiopodlasie.pl\/NEW\/wp-json\/wp\/v2\/comments?post=20073"}],"version-history":[{"count":1,"href":"http:\/\/archiwum.radiopodlasie.pl\/NEW\/wp-json\/wp\/v2\/posts\/20073\/revisions"}],"predecessor-version":[{"id":20074,"href":"http:\/\/archiwum.radiopodlasie.pl\/NEW\/wp-json\/wp\/v2\/posts\/20073\/revisions\/20074"}],"wp:featuredmedia":[{"embeddable":true,"href":"http:\/\/archiwum.radiopodlasie.pl\/NEW\/wp-json\/wp\/v2\/media\/5870"}],"wp:attachment":[{"href":"http:\/\/archiwum.radiopodlasie.pl\/NEW\/wp-json\/wp\/v2\/media?parent=20073"}],"wp:term":[{"taxonomy":"category","embeddable":true,"href":"http:\/\/archiwum.radiopodlasie.pl\/NEW\/wp-json\/wp\/v2\/categories?post=20073"},{"taxonomy":"post_tag","embeddable":true,"href":"http:\/\/archiwum.radiopodlasie.pl\/NEW\/wp-json\/wp\/v2\/tags?post=20073"}],"curies":[{"name":"wp","href":"https:\/\/api.w.org\/{rel}","templated":true}]}}