{"id":21098,"date":"2023-10-18T14:40:56","date_gmt":"2023-10-18T12:40:56","guid":{"rendered":"http:\/\/archiwum.radiopodlasie.pl\/NEW\/?p=21098"},"modified":"2023-10-19T14:42:33","modified_gmt":"2023-10-19T12:42:33","slug":"nieodplatna-pomoc-prawna-a-osoby-niepelnosprawne-9","status":"publish","type":"post","link":"http:\/\/archiwum.radiopodlasie.pl\/NEW\/2023\/10\/18\/nieodplatna-pomoc-prawna-a-osoby-niepelnosprawne-9\/","title":{"rendered":"Nieodp\u0142atna pomoc prawna, a osoby niepe\u0142nosprawne\/9"},"content":{"rendered":"<p style=\"text-align: left;\">Tytu\u0142: Nieodp\u0142atna pomoc prawna, a osoby niepe\u0142nosprawne\/9<\/p>\n<p>Autor: Katolickie Radio Zamo\u015b\u0107<\/p>\n<p>Nazwa audycji: Dzia\u0142amy dla lepszej Polski<br \/>Data emisji: 18-10-2023<\/p>\n<p>System nieodp\u0142atnej pomocy prawnej jest kierowany tak\u017ce do os\u00f3b z niepe\u0142nosprawno\u015bciami. W przypadku konieczno\u015bci zapewnienia udogodnie\u0144 potrzebnych do udzielenia porady, nale\u017cy tak\u0105 potrzeb\u0105 zg\u0142osi\u0107 podczas umawiania wizyty lub niezw\u0142ocznie po jej um\u00f3wieniu. Osoby ze znacz\u0105 niepe\u0142nosprawno\u015bci\u0105 ruchow\u0105, kt\u00f3re nie mog\u0105 stawi\u0107 si\u0119 w danym punkcie osobi\u015bcie oraz osoby do\u015bwiadczaj\u0105ce trudno\u015bci w komunikowaniu si\u0119 mog\u0105 skorzysta\u0107 z porady poza lokalem punktu lub przy u\u017cyciu \u015brodk\u00f3w porozumiewania si\u0119 na odleg\u0142o\u015b\u0107.<\/p>\n<p>Ekspert: Marcin Romanowski, wiceminister sprawiedliwo\u015bci<br \/>Rozmawia: Ewelina Michalska, Katolickie Radio Zamo\u015b\u0107<\/p>\n<p>\u00a0<\/p>\n<p><img loading=\"lazy\" decoding=\"async\" class=\"alignnone size-medium wp-image-20839\" src=\"http:\/\/archiwum.radiopodlasie.pl\/NEW\/wp-content\/uploads\/2023\/09\/baner-212x300.png\" alt=\"\" width=\"212\" height=\"300\" srcset=\"http:\/\/archiwum.radiopodlasie.pl\/NEW\/wp-content\/uploads\/2023\/09\/baner-212x300.png 212w, http:\/\/archiwum.radiopodlasie.pl\/NEW\/wp-content\/uploads\/2023\/09\/baner.png 690w\" sizes=\"auto, (max-width: 212px) 100vw, 212px\" \/><\/p>\n<p>&#8222;Cykl radiowych audycji edukacyjnych&#8221;Dzia\u0142amy dla Lepszej Polski&#8221; jest finansowany ze \u015brodk\u00f3w otrzymanych z Kancelarii Prezesa Rady Ministr\u00f3w&#8221;<\/p>\n\n\n<hr class=\"wp-block-separator has-css-opacity\"\/>\n\n\n\n<figure class=\"wp-block-audio\"><audio controls src=\"https:\/\/dzwieki.radiopodlasie.pl:8789\/uploads\/2023\/10\/231018_DZIA\u0141AMY_DLA_LEPSZEJ_POLSKI_9.mp3\"><\/audio><\/figure>\n","protected":false},"excerpt":{"rendered":"<p>Tytu\u0142: Nieodp\u0142atna pomoc prawna, a osoby niepe\u0142nosprawne\/9 Autor: Katolickie Radio Zamo\u015b\u0107 Nazwa audycji: Dzia\u0142amy dla lepszej PolskiData emisji: 18-10-2023 System nieodp\u0142atnej pomocy prawnej jest kierowany tak\u017ce do os\u00f3b z niepe\u0142nosprawno\u015bciami. W przypadku konieczno\u015bci zapewnienia&#46;&#46;&#46;<\/p>\n","protected":false},"author":2,"featured_media":20839,"comment_status":"open","ping_status":"open","sticky":false,"template":"","format":"standard","meta":{"om_disable_all_campaigns":false,"_monsterinsights_skip_tracking":false,"_monsterinsights_sitenote_active":false,"_monsterinsights_sitenote_note":"","_monsterinsights_sitenote_category":0,"footnotes":""},"categories":[3575],"tags":[3576,3577],"class_list":["post-21098","post","type-post","status-publish","format-standard","has-post-thumbnail","hentry","category-dzialamy-dla-lepszej-polski","tag-katolickie-radio-zamosc","tag-rodzina-500"],"aioseo_notices":[],"_links":{"self":[{"href":"http:\/\/archiwum.radiopodlasie.pl\/NEW\/wp-json\/wp\/v2\/posts\/21098","targetHints":{"allow":["GET"]}}],"collection":[{"href":"http:\/\/archiwum.radiopodlasie.pl\/NEW\/wp-json\/wp\/v2\/posts"}],"about":[{"href":"http:\/\/archiwum.radiopodlasie.pl\/NEW\/wp-json\/wp\/v2\/types\/post"}],"author":[{"embeddable":true,"href":"http:\/\/archiwum.radiopodlasie.pl\/NEW\/wp-json\/wp\/v2\/users\/2"}],"replies":[{"embeddable":true,"href":"http:\/\/archiwum.radiopodlasie.pl\/NEW\/wp-json\/wp\/v2\/comments?post=21098"}],"version-history":[{"count":1,"href":"http:\/\/archiwum.radiopodlasie.pl\/NEW\/wp-json\/wp\/v2\/posts\/21098\/revisions"}],"predecessor-version":[{"id":21099,"href":"http:\/\/archiwum.radiopodlasie.pl\/NEW\/wp-json\/wp\/v2\/posts\/21098\/revisions\/21099"}],"wp:featuredmedia":[{"embeddable":true,"href":"http:\/\/archiwum.radiopodlasie.pl\/NEW\/wp-json\/wp\/v2\/media\/20839"}],"wp:attachment":[{"href":"http:\/\/archiwum.radiopodlasie.pl\/NEW\/wp-json\/wp\/v2\/media?parent=21098"}],"wp:term":[{"taxonomy":"category","embeddable":true,"href":"http:\/\/archiwum.radiopodlasie.pl\/NEW\/wp-json\/wp\/v2\/categories?post=21098"},{"taxonomy":"post_tag","embeddable":true,"href":"http:\/\/archiwum.radiopodlasie.pl\/NEW\/wp-json\/wp\/v2\/tags?post=21098"}],"curies":[{"name":"wp","href":"https:\/\/api.w.org\/{rel}","templated":true}]}}