{"id":23948,"date":"2024-10-07T08:45:00","date_gmt":"2024-10-07T06:45:00","guid":{"rendered":"http:\/\/archiwum.radiopodlasie.pl\/NEW\/?p=23948"},"modified":"2024-10-07T09:45:33","modified_gmt":"2024-10-07T07:45:33","slug":"rozmowa-z-piotrem-pludowskim-11","status":"publish","type":"post","link":"http:\/\/archiwum.radiopodlasie.pl\/NEW\/2024\/10\/07\/rozmowa-z-piotrem-pludowskim-11\/","title":{"rendered":"Rozmowa z Piotrem P\u0142udowskim"},"content":{"rendered":"\n<p>Tytu\u0142: Rozmowa z Piotrem P\u0142udowskim &#8211; burmistrzem \u0141ukowa<\/p>\n\n\n\n<p>Autor: Marcin Jab\u0142kowski <\/p>\n\n\n\n<p>Nazwa audycji: <strong><span style=\"color: #339966;\">Wywiady, O tym si\u0119 m\u00f3wi<\/span><\/strong><br>Data emisji: 07-10-2024<\/p>\n\n\n\n<figure class=\"wp-block-audio\"><audio controls src=\"https:\/\/dzwieki.radiopodlasie.pl:8789\/uploads\/2024\/10\/241007_otym_07_piotr pludowski.mp3\"><\/audio><\/figure>\n","protected":false},"excerpt":{"rendered":"<p>Tytu\u0142: Rozmowa z Piotrem P\u0142udowskim &#8211; burmistrzem \u0141ukowa Autor: Marcin Jab\u0142kowski Nazwa audycji: Wywiady, O tym si\u0119 m\u00f3wiData emisji: 07-10-2024<\/p>\n","protected":false},"author":123459,"featured_media":5961,"comment_status":"open","ping_status":"open","sticky":false,"template":"","format":"standard","meta":{"om_disable_all_campaigns":false,"_monsterinsights_skip_tracking":false,"_monsterinsights_sitenote_active":false,"_monsterinsights_sitenote_note":"","_monsterinsights_sitenote_category":0,"footnotes":""},"categories":[323,368,332],"tags":[202,6,1375],"class_list":["post-23948","post","type-post","status-publish","format-standard","has-post-thumbnail","hentry","category-audycje","category-marcin-jablkowski","category-o-tym-sie-mowi","tag-marcin-jablkowski","tag-o-tym-sie-mowi","tag-piotr-pludowski"],"aioseo_notices":[],"_links":{"self":[{"href":"http:\/\/archiwum.radiopodlasie.pl\/NEW\/wp-json\/wp\/v2\/posts\/23948","targetHints":{"allow":["GET"]}}],"collection":[{"href":"http:\/\/archiwum.radiopodlasie.pl\/NEW\/wp-json\/wp\/v2\/posts"}],"about":[{"href":"http:\/\/archiwum.radiopodlasie.pl\/NEW\/wp-json\/wp\/v2\/types\/post"}],"author":[{"embeddable":true,"href":"http:\/\/archiwum.radiopodlasie.pl\/NEW\/wp-json\/wp\/v2\/users\/123459"}],"replies":[{"embeddable":true,"href":"http:\/\/archiwum.radiopodlasie.pl\/NEW\/wp-json\/wp\/v2\/comments?post=23948"}],"version-history":[{"count":2,"href":"http:\/\/archiwum.radiopodlasie.pl\/NEW\/wp-json\/wp\/v2\/posts\/23948\/revisions"}],"predecessor-version":[{"id":23950,"href":"http:\/\/archiwum.radiopodlasie.pl\/NEW\/wp-json\/wp\/v2\/posts\/23948\/revisions\/23950"}],"wp:featuredmedia":[{"embeddable":true,"href":"http:\/\/archiwum.radiopodlasie.pl\/NEW\/wp-json\/wp\/v2\/media\/5961"}],"wp:attachment":[{"href":"http:\/\/archiwum.radiopodlasie.pl\/NEW\/wp-json\/wp\/v2\/media?parent=23948"}],"wp:term":[{"taxonomy":"category","embeddable":true,"href":"http:\/\/archiwum.radiopodlasie.pl\/NEW\/wp-json\/wp\/v2\/categories?post=23948"},{"taxonomy":"post_tag","embeddable":true,"href":"http:\/\/archiwum.radiopodlasie.pl\/NEW\/wp-json\/wp\/v2\/tags?post=23948"}],"curies":[{"name":"wp","href":"https:\/\/api.w.org\/{rel}","templated":true}]}}