{"id":24,"date":"2018-02-19T15:15:35","date_gmt":"2018-02-19T14:15:35","guid":{"rendered":"http:\/\/archiwum.radiopodlasie.pl\/OLD\/?p=24"},"modified":"2020-02-03T14:28:04","modified_gmt":"2020-02-03T13:28:04","slug":"biblijni-mezczyzni-salomon","status":"publish","type":"post","link":"http:\/\/archiwum.radiopodlasie.pl\/NEW\/2018\/02\/19\/biblijni-mezczyzni-salomon\/","title":{"rendered":"Biblijni m\u0119\u017cczy\u017ani &#8211; Salomon"},"content":{"rendered":"<p>Tytu\u0142: <strong><em><span style=\"color: #008000;\"> Biblijni m\u0119\u017cczy\u017ani &#8211; Salomon<\/span><\/em><\/strong><br \/>\nAutor:<strong> Anna Kaszczyc<\/strong><br \/>\nNazwa audycji: <strong><span style=\"color: #339966;\"> \u015awiat ludzkich uczu\u0107<\/span><\/strong><br \/>\nData emisji: 19-02-2018<\/p>\n<p>Go\u015bciem Anny Kaszczyc by\u0142 Ks. Robert Steszuk.<\/p>\n","protected":false},"excerpt":{"rendered":"<p>Tytu\u0142: Biblijni m\u0119\u017cczy\u017ani &#8211; Salomon Autor: Anna Kaszczyc Nazwa audycji: \u015awiat ludzkich uczu\u0107 Data emisji: 19-02-2018 Go\u015bciem Anny Kaszczyc by\u0142 Ks. Robert Steszuk.<\/p>\n","protected":false},"author":1,"featured_media":5963,"comment_status":"open","ping_status":"open","sticky":false,"template":"","format":"audio","meta":{"om_disable_all_campaigns":false,"_monsterinsights_skip_tracking":false,"_monsterinsights_sitenote_active":false,"_monsterinsights_sitenote_note":"","_monsterinsights_sitenote_category":0,"footnotes":""},"categories":[326],"tags":[24,25,26,27,28],"class_list":["post-24","post","type-post","status-publish","format-audio","has-post-thumbnail","hentry","category-swiat-ludzkich-uczuc","tag-anna-kaszczyc","tag-biblijni-mezczyzni","tag-ks-robert-steszuk","tag-salomon","tag-swiat-ludzkich-uczuc","post_format-post-format-audio"],"aioseo_notices":[],"_links":{"self":[{"href":"http:\/\/archiwum.radiopodlasie.pl\/NEW\/wp-json\/wp\/v2\/posts\/24","targetHints":{"allow":["GET"]}}],"collection":[{"href":"http:\/\/archiwum.radiopodlasie.pl\/NEW\/wp-json\/wp\/v2\/posts"}],"about":[{"href":"http:\/\/archiwum.radiopodlasie.pl\/NEW\/wp-json\/wp\/v2\/types\/post"}],"author":[{"embeddable":true,"href":"http:\/\/archiwum.radiopodlasie.pl\/NEW\/wp-json\/wp\/v2\/users\/1"}],"replies":[{"embeddable":true,"href":"http:\/\/archiwum.radiopodlasie.pl\/NEW\/wp-json\/wp\/v2\/comments?post=24"}],"version-history":[{"count":1,"href":"http:\/\/archiwum.radiopodlasie.pl\/NEW\/wp-json\/wp\/v2\/posts\/24\/revisions"}],"predecessor-version":[{"id":6759,"href":"http:\/\/archiwum.radiopodlasie.pl\/NEW\/wp-json\/wp\/v2\/posts\/24\/revisions\/6759"}],"wp:featuredmedia":[{"embeddable":true,"href":"http:\/\/archiwum.radiopodlasie.pl\/NEW\/wp-json\/wp\/v2\/media\/5963"}],"wp:attachment":[{"href":"http:\/\/archiwum.radiopodlasie.pl\/NEW\/wp-json\/wp\/v2\/media?parent=24"}],"wp:term":[{"taxonomy":"category","embeddable":true,"href":"http:\/\/archiwum.radiopodlasie.pl\/NEW\/wp-json\/wp\/v2\/categories?post=24"},{"taxonomy":"post_tag","embeddable":true,"href":"http:\/\/archiwum.radiopodlasie.pl\/NEW\/wp-json\/wp\/v2\/tags?post=24"}],"curies":[{"name":"wp","href":"https:\/\/api.w.org\/{rel}","templated":true}]}}