{"id":2417,"date":"2018-11-21T13:01:59","date_gmt":"2018-11-21T12:01:59","guid":{"rendered":"http:\/\/archiwum.radiopodlasie.pl\/NEW\/?p=2417"},"modified":"2018-11-21T13:01:59","modified_gmt":"2018-11-21T12:01:59","slug":"jerzy-rebek-licze-na-normalnosc-w-sejmiku","status":"publish","type":"post","link":"http:\/\/archiwum.radiopodlasie.pl\/NEW\/2018\/11\/21\/jerzy-rebek-licze-na-normalnosc-w-sejmiku\/","title":{"rendered":"Jerzy R\u0119bek: Licz\u0119 na normalno\u015b\u0107 w Sejmiku"},"content":{"rendered":"<p>Tytu\u0142: <strong><em><span style=\"color: #008000;\"> Jerzy R\u0119bek: Licz\u0119 na normalno\u015b\u0107 w Sejmiku<\/span><\/em><\/strong><br \/>\nAutor:<strong>Marcin Jab\u0142kowski <\/strong><br \/>\nNazwa audycji: <strong><span style=\"color: #339966;\"> O tym si\u0119 m\u00f3wi<\/span><\/strong><br \/>\nData emisji: 21-11-2018<\/p>\n<p>Burmistrz Radzynia Podlaskiego Jerzy R\u0119bek w rozmowie z Radiem Podlasie komentowa\u0142 wyniki wybor\u00f3w samorz\u0105dowych i roztacza\u0142 wizj\u0119 miasta w tej kadencji. Odni\u00f3s\u0142 si\u0119 r\u00f3wnie\u017c do wsp\u00f3\u0142pracy z nowymi w\u0142adzami Sejmiku Wojew\u00f3dztwa Lubelskiego.<\/p>\n","protected":false},"excerpt":{"rendered":"<p>Tytu\u0142: Jerzy R\u0119bek: Licz\u0119 na normalno\u015b\u0107 w Sejmiku Autor:Marcin Jab\u0142kowski Nazwa audycji: O tym si\u0119 m\u00f3wi Data emisji: 21-11-2018 Burmistrz Radzynia Podlaskiego Jerzy R\u0119bek w rozmowie z Radiem Podlasie komentowa\u0142 wyniki wybor\u00f3w samorz\u0105dowych i&#46;&#46;&#46;<\/p>\n","protected":false},"author":2,"featured_media":0,"comment_status":"open","ping_status":"open","sticky":false,"template":"","format":"standard","meta":{"om_disable_all_campaigns":false,"_monsterinsights_skip_tracking":false,"_monsterinsights_sitenote_active":false,"_monsterinsights_sitenote_note":"","_monsterinsights_sitenote_category":0,"footnotes":""},"categories":[332],"tags":[303,202,6],"class_list":["post-2417","post","type-post","status-publish","format-standard","hentry","category-o-tym-sie-mowi","tag-jerzy-rebek","tag-marcin-jablkowski","tag-o-tym-sie-mowi"],"aioseo_notices":[],"_links":{"self":[{"href":"http:\/\/archiwum.radiopodlasie.pl\/NEW\/wp-json\/wp\/v2\/posts\/2417","targetHints":{"allow":["GET"]}}],"collection":[{"href":"http:\/\/archiwum.radiopodlasie.pl\/NEW\/wp-json\/wp\/v2\/posts"}],"about":[{"href":"http:\/\/archiwum.radiopodlasie.pl\/NEW\/wp-json\/wp\/v2\/types\/post"}],"author":[{"embeddable":true,"href":"http:\/\/archiwum.radiopodlasie.pl\/NEW\/wp-json\/wp\/v2\/users\/2"}],"replies":[{"embeddable":true,"href":"http:\/\/archiwum.radiopodlasie.pl\/NEW\/wp-json\/wp\/v2\/comments?post=2417"}],"version-history":[{"count":1,"href":"http:\/\/archiwum.radiopodlasie.pl\/NEW\/wp-json\/wp\/v2\/posts\/2417\/revisions"}],"predecessor-version":[{"id":2418,"href":"http:\/\/archiwum.radiopodlasie.pl\/NEW\/wp-json\/wp\/v2\/posts\/2417\/revisions\/2418"}],"wp:attachment":[{"href":"http:\/\/archiwum.radiopodlasie.pl\/NEW\/wp-json\/wp\/v2\/media?parent=2417"}],"wp:term":[{"taxonomy":"category","embeddable":true,"href":"http:\/\/archiwum.radiopodlasie.pl\/NEW\/wp-json\/wp\/v2\/categories?post=2417"},{"taxonomy":"post_tag","embeddable":true,"href":"http:\/\/archiwum.radiopodlasie.pl\/NEW\/wp-json\/wp\/v2\/tags?post=2417"}],"curies":[{"name":"wp","href":"https:\/\/api.w.org\/{rel}","templated":true}]}}