{"id":24558,"date":"2024-11-23T11:00:00","date_gmt":"2024-11-23T10:00:00","guid":{"rendered":"http:\/\/archiwum.radiopodlasie.pl\/NEW\/?p=24558"},"modified":"2024-11-23T09:25:44","modified_gmt":"2024-11-23T08:25:44","slug":"rozmowa-z-krzysztofem-wawrzyncem-borkowskim-psl-i-dariuszem-stefaniukiem-pis","status":"publish","type":"post","link":"http:\/\/archiwum.radiopodlasie.pl\/NEW\/2024\/11\/23\/rozmowa-z-krzysztofem-wawrzyncem-borkowskim-psl-i-dariuszem-stefaniukiem-pis\/","title":{"rendered":"Rozmowa z Krzysztofem Wawrzy\u0144cem Borkowskim (PSL) i Dariuszem Stefaniukiem (PiS)"},"content":{"rendered":"<p>Tytu\u0142: Rozmowa z Krzysztofem Wawrzy\u0144cem Borkowskim (PSL) i Dariuszem Stefaniukiem (PiS)<\/p>\n<p>Autor: Marcin Jab\u0142kowski<br \/>Nazwa audycji:<strong><span style=\"color: #339966;\"> Porozmawiajmy jak Ludzie<\/span><\/strong><br \/>Data emisji: 23-11-2024<\/p>\n<p>Krzysztof Wawrzyniec Borkowski \u2013 Polskie Stronnictwo Ludowe i Dariusz Stefaniuk \u2013 Prawo i Sprawiedliwo\u015b\u0107 komentowali najwa\u017cniejsze wydarzenia polityczne mijaj\u0105cego tygodnia. <br \/>W audycji Porozmawiajmy jak Ludzie by\u0142a mowa o obci\u0119ciu finansowania PiS, wyborach prezydenckich, pomocy dla powodzian na \u015al\u0105sku i umowie handlowej z krajami MERCOSUR<br \/>Zaprasza Marcin Jab\u0142kowski.<\/p>\n\n\n<figure class=\"wp-block-audio\"><audio controls src=\"https:\/\/dzwieki.radiopodlasie.pl:8789\/uploads\/2024\/11\/241123_pjl_241123.mp3\"><\/audio><\/figure>\n","protected":false},"excerpt":{"rendered":"<p>Tytu\u0142: Rozmowa z Krzysztofem Wawrzy\u0144cem Borkowskim (PSL) i Dariuszem Stefaniukiem (PiS) Autor: Marcin Jab\u0142kowskiNazwa audycji: Porozmawiajmy jak LudzieData emisji: 23-11-2024 Krzysztof Wawrzyniec Borkowski \u2013 Polskie Stronnictwo Ludowe i Dariusz Stefaniuk \u2013 Prawo i Sprawiedliwo\u015b\u0107&#46;&#46;&#46;<\/p>\n","protected":false},"author":123459,"featured_media":18493,"comment_status":"open","ping_status":"open","sticky":false,"template":"","format":"standard","meta":{"om_disable_all_campaigns":false,"_monsterinsights_skip_tracking":false,"_monsterinsights_sitenote_active":false,"_monsterinsights_sitenote_note":"","_monsterinsights_sitenote_category":0,"footnotes":""},"categories":[3534],"tags":[279,3732,202,3725],"class_list":["post-24558","post","type-post","status-publish","format-standard","has-post-thumbnail","hentry","category-porozmawiajmy-jak-ludzie","tag-dariusz-stefaniuk","tag-krzysztof-wawrzyniec-borkowski","tag-marcin-jablkowski","tag-porozmawiajmy-jak-ludzie"],"aioseo_notices":[],"_links":{"self":[{"href":"http:\/\/archiwum.radiopodlasie.pl\/NEW\/wp-json\/wp\/v2\/posts\/24558","targetHints":{"allow":["GET"]}}],"collection":[{"href":"http:\/\/archiwum.radiopodlasie.pl\/NEW\/wp-json\/wp\/v2\/posts"}],"about":[{"href":"http:\/\/archiwum.radiopodlasie.pl\/NEW\/wp-json\/wp\/v2\/types\/post"}],"author":[{"embeddable":true,"href":"http:\/\/archiwum.radiopodlasie.pl\/NEW\/wp-json\/wp\/v2\/users\/123459"}],"replies":[{"embeddable":true,"href":"http:\/\/archiwum.radiopodlasie.pl\/NEW\/wp-json\/wp\/v2\/comments?post=24558"}],"version-history":[{"count":3,"href":"http:\/\/archiwum.radiopodlasie.pl\/NEW\/wp-json\/wp\/v2\/posts\/24558\/revisions"}],"predecessor-version":[{"id":24570,"href":"http:\/\/archiwum.radiopodlasie.pl\/NEW\/wp-json\/wp\/v2\/posts\/24558\/revisions\/24570"}],"wp:featuredmedia":[{"embeddable":true,"href":"http:\/\/archiwum.radiopodlasie.pl\/NEW\/wp-json\/wp\/v2\/media\/18493"}],"wp:attachment":[{"href":"http:\/\/archiwum.radiopodlasie.pl\/NEW\/wp-json\/wp\/v2\/media?parent=24558"}],"wp:term":[{"taxonomy":"category","embeddable":true,"href":"http:\/\/archiwum.radiopodlasie.pl\/NEW\/wp-json\/wp\/v2\/categories?post=24558"},{"taxonomy":"post_tag","embeddable":true,"href":"http:\/\/archiwum.radiopodlasie.pl\/NEW\/wp-json\/wp\/v2\/tags?post=24558"}],"curies":[{"name":"wp","href":"https:\/\/api.w.org\/{rel}","templated":true}]}}