{"id":2486,"date":"2018-11-26T10:28:27","date_gmt":"2018-11-26T09:28:27","guid":{"rendered":"http:\/\/archiwum.radiopodlasie.pl\/NEW\/?p=2486"},"modified":"2018-11-27T10:32:03","modified_gmt":"2018-11-27T09:32:03","slug":"mariusz-dobijanski-niedziolka-nie-oznacza-zgody","status":"publish","type":"post","link":"http:\/\/archiwum.radiopodlasie.pl\/NEW\/2018\/11\/26\/mariusz-dobijanski-niedziolka-nie-oznacza-zgody\/","title":{"rendered":"Mariusz Dobija\u0144ski: Niedzi\u00f3\u0142ka nie oznacza zgody"},"content":{"rendered":"<p>Tytu\u0142: <strong><em><span style=\"color: #008000;\"> Mariusz Dobija\u0144ski: Niedzi\u00f3\u0142ka nie oznacza zgody<\/span><\/em><\/strong><br \/>\nAutor:<strong>Marcin Jab\u0142kowski <\/strong><br \/>\nNazwa audycji: <strong><span style=\"color: #339966;\">O tym si\u0119 m\u00f3wi<\/span><\/strong><br \/>\nData emisji: 26-11-2018<\/p>\n<p>Radny siedleckiej Rady Miasta Mariusz Dobija\u0144ski w rozmowie z Radiem Podlasie wyrazi\u0142 rozczarowanie wyborem Przewodnicz\u0105cego tego gremium. Zapowiedzia\u0142 tak\u017ce wsp\u00f3\u0142prac\u0119 z nowym Prezydentem \u2013 Andrzejem Sitnikiem i m\u00f3wi\u0142 o szansach na du\u017ce inwestycje w rozpoczynaj\u0105cej si\u0119 kadencji samorz\u0105dowej.<\/p>\n","protected":false},"excerpt":{"rendered":"<p>Tytu\u0142: Mariusz Dobija\u0144ski: Niedzi\u00f3\u0142ka nie oznacza zgody Autor:Marcin Jab\u0142kowski Nazwa audycji: O tym si\u0119 m\u00f3wi Data emisji: 26-11-2018 Radny siedleckiej Rady Miasta Mariusz Dobija\u0144ski w rozmowie z Radiem Podlasie wyrazi\u0142 rozczarowanie wyborem Przewodnicz\u0105cego tego&#46;&#46;&#46;<\/p>\n","protected":false},"author":2,"featured_media":0,"comment_status":"open","ping_status":"open","sticky":false,"template":"","format":"standard","meta":{"om_disable_all_campaigns":false,"_monsterinsights_skip_tracking":false,"_monsterinsights_sitenote_active":false,"_monsterinsights_sitenote_note":"","_monsterinsights_sitenote_category":0,"footnotes":""},"categories":[332],"tags":[202,867,150,6],"class_list":["post-2486","post","type-post","status-publish","format-standard","hentry","category-o-tym-sie-mowi","tag-marcin-jablkowski","tag-mariusz-dobijanski","tag-niedziolka","tag-o-tym-sie-mowi"],"aioseo_notices":[],"_links":{"self":[{"href":"http:\/\/archiwum.radiopodlasie.pl\/NEW\/wp-json\/wp\/v2\/posts\/2486","targetHints":{"allow":["GET"]}}],"collection":[{"href":"http:\/\/archiwum.radiopodlasie.pl\/NEW\/wp-json\/wp\/v2\/posts"}],"about":[{"href":"http:\/\/archiwum.radiopodlasie.pl\/NEW\/wp-json\/wp\/v2\/types\/post"}],"author":[{"embeddable":true,"href":"http:\/\/archiwum.radiopodlasie.pl\/NEW\/wp-json\/wp\/v2\/users\/2"}],"replies":[{"embeddable":true,"href":"http:\/\/archiwum.radiopodlasie.pl\/NEW\/wp-json\/wp\/v2\/comments?post=2486"}],"version-history":[{"count":1,"href":"http:\/\/archiwum.radiopodlasie.pl\/NEW\/wp-json\/wp\/v2\/posts\/2486\/revisions"}],"predecessor-version":[{"id":2487,"href":"http:\/\/archiwum.radiopodlasie.pl\/NEW\/wp-json\/wp\/v2\/posts\/2486\/revisions\/2487"}],"wp:attachment":[{"href":"http:\/\/archiwum.radiopodlasie.pl\/NEW\/wp-json\/wp\/v2\/media?parent=2486"}],"wp:term":[{"taxonomy":"category","embeddable":true,"href":"http:\/\/archiwum.radiopodlasie.pl\/NEW\/wp-json\/wp\/v2\/categories?post=2486"},{"taxonomy":"post_tag","embeddable":true,"href":"http:\/\/archiwum.radiopodlasie.pl\/NEW\/wp-json\/wp\/v2\/tags?post=2486"}],"curies":[{"name":"wp","href":"https:\/\/api.w.org\/{rel}","templated":true}]}}