{"id":2598,"date":"2018-11-30T13:13:20","date_gmt":"2018-11-30T12:13:20","guid":{"rendered":"http:\/\/archiwum.radiopodlasie.pl\/NEW\/?p=2598"},"modified":"2018-12-04T13:14:56","modified_gmt":"2018-12-04T12:14:56","slug":"grzegorz-orzelowski-pracujemy-dalej","status":"publish","type":"post","link":"http:\/\/archiwum.radiopodlasie.pl\/NEW\/2018\/11\/30\/grzegorz-orzelowski-pracujemy-dalej\/","title":{"rendered":"Grzegorz Orze\u0142owski: Pracujemy dalej!"},"content":{"rendered":"<p>Tytu\u0142: <strong><em><span style=\"color: #008000;\"> Grzegorz Orze\u0142owski: Pracujemy dalej!<\/span><\/em><\/strong><br \/>\nAutor:<strong>Marcin Jab\u0142kowski<\/strong><br \/>\nNazwa audycji: <strong><span style=\"color: #339966;\"> O tym si\u0119 m\u00f3wi <\/span><\/strong><br \/>\nData emisji: 30-11-2018<\/p>\n<p>Prezes Agencji Rozwoju Miasta Siedlce w rozmowie z Radiem Podlasie zapowiedzia\u0142 kolejne wydarzenia i plany snute przez instytucj\u0119. Grzegorz Orze\u0142owski w audycji O Tym Si\u0119 M\u00f3wi zapowiedzia\u0142 tak\u017ce, \u017ce nie planuje sk\u0142ada\u0107 rezygnacji z piastowanego stanowiska.<\/p>\n","protected":false},"excerpt":{"rendered":"<p>Tytu\u0142: Grzegorz Orze\u0142owski: Pracujemy dalej! Autor:Marcin Jab\u0142kowski Nazwa audycji: O tym si\u0119 m\u00f3wi Data emisji: 30-11-2018 Prezes Agencji Rozwoju Miasta Siedlce w rozmowie z Radiem Podlasie zapowiedzia\u0142 kolejne wydarzenia i plany snute przez instytucj\u0119.&#46;&#46;&#46;<\/p>\n","protected":false},"author":2,"featured_media":0,"comment_status":"open","ping_status":"open","sticky":false,"template":"","format":"standard","meta":{"om_disable_all_campaigns":false,"_monsterinsights_skip_tracking":false,"_monsterinsights_sitenote_active":false,"_monsterinsights_sitenote_note":"","_monsterinsights_sitenote_category":0,"footnotes":""},"categories":[332],"tags":[856,202,6],"class_list":["post-2598","post","type-post","status-publish","format-standard","hentry","category-o-tym-sie-mowi","tag-grzegorz-orzelowski","tag-marcin-jablkowski","tag-o-tym-sie-mowi"],"aioseo_notices":[],"_links":{"self":[{"href":"http:\/\/archiwum.radiopodlasie.pl\/NEW\/wp-json\/wp\/v2\/posts\/2598","targetHints":{"allow":["GET"]}}],"collection":[{"href":"http:\/\/archiwum.radiopodlasie.pl\/NEW\/wp-json\/wp\/v2\/posts"}],"about":[{"href":"http:\/\/archiwum.radiopodlasie.pl\/NEW\/wp-json\/wp\/v2\/types\/post"}],"author":[{"embeddable":true,"href":"http:\/\/archiwum.radiopodlasie.pl\/NEW\/wp-json\/wp\/v2\/users\/2"}],"replies":[{"embeddable":true,"href":"http:\/\/archiwum.radiopodlasie.pl\/NEW\/wp-json\/wp\/v2\/comments?post=2598"}],"version-history":[{"count":1,"href":"http:\/\/archiwum.radiopodlasie.pl\/NEW\/wp-json\/wp\/v2\/posts\/2598\/revisions"}],"predecessor-version":[{"id":2599,"href":"http:\/\/archiwum.radiopodlasie.pl\/NEW\/wp-json\/wp\/v2\/posts\/2598\/revisions\/2599"}],"wp:attachment":[{"href":"http:\/\/archiwum.radiopodlasie.pl\/NEW\/wp-json\/wp\/v2\/media?parent=2598"}],"wp:term":[{"taxonomy":"category","embeddable":true,"href":"http:\/\/archiwum.radiopodlasie.pl\/NEW\/wp-json\/wp\/v2\/categories?post=2598"},{"taxonomy":"post_tag","embeddable":true,"href":"http:\/\/archiwum.radiopodlasie.pl\/NEW\/wp-json\/wp\/v2\/tags?post=2598"}],"curies":[{"name":"wp","href":"https:\/\/api.w.org\/{rel}","templated":true}]}}