{"id":260,"date":"2018-01-08T12:50:59","date_gmt":"2018-01-08T11:50:59","guid":{"rendered":"http:\/\/archiwum.radiopodlasie.pl\/OLD\/?p=260"},"modified":"2020-02-03T14:36:42","modified_gmt":"2020-02-03T13:36:42","slug":"wewnetrzne-uzdrowienie-relacji-do-rodzicow","status":"publish","type":"post","link":"http:\/\/archiwum.radiopodlasie.pl\/NEW\/2018\/01\/08\/wewnetrzne-uzdrowienie-relacji-do-rodzicow\/","title":{"rendered":"Wewn\u0119trzne uzdrowienie relacji do rodzic\u00f3w"},"content":{"rendered":"<p>Tytu\u0142:  <strong><em><span style=\"color: #008000;\"> Wewn\u0119trzne uzdrowienie relacji do rodzic\u00f3w <\/span><\/em><\/strong><br \/>\nAutor:<strong> Anna Kaszczyc <\/strong><br \/>\nNazwa audycji: <strong><span style=\"color: #339966;\"> \u015awiat ludzkich uczu\u0107<\/span><\/strong><br \/>\nData emisji: 08-01-2018<\/p>\n","protected":false},"excerpt":{"rendered":"<p>Tytu\u0142: Wewn\u0119trzne uzdrowienie relacji do rodzic\u00f3w Autor: Anna Kaszczyc Nazwa audycji: \u015awiat ludzkich uczu\u0107 Data emisji: 08-01-2018<\/p>\n","protected":false},"author":1,"featured_media":5963,"comment_status":"open","ping_status":"open","sticky":false,"template":"","format":"audio","meta":{"om_disable_all_campaigns":false,"_monsterinsights_skip_tracking":false,"_monsterinsights_sitenote_active":false,"_monsterinsights_sitenote_note":"","_monsterinsights_sitenote_category":0,"footnotes":""},"categories":[326],"tags":[24,287,28,288],"class_list":["post-260","post","type-post","status-publish","format-audio","has-post-thumbnail","hentry","category-swiat-ludzkich-uczuc","tag-anna-kaszczyc","tag-relacje-do-rodzicow","tag-swiat-ludzkich-uczuc","tag-tozsamosc-mezczyzny","post_format-post-format-audio"],"aioseo_notices":[],"_links":{"self":[{"href":"http:\/\/archiwum.radiopodlasie.pl\/NEW\/wp-json\/wp\/v2\/posts\/260","targetHints":{"allow":["GET"]}}],"collection":[{"href":"http:\/\/archiwum.radiopodlasie.pl\/NEW\/wp-json\/wp\/v2\/posts"}],"about":[{"href":"http:\/\/archiwum.radiopodlasie.pl\/NEW\/wp-json\/wp\/v2\/types\/post"}],"author":[{"embeddable":true,"href":"http:\/\/archiwum.radiopodlasie.pl\/NEW\/wp-json\/wp\/v2\/users\/1"}],"replies":[{"embeddable":true,"href":"http:\/\/archiwum.radiopodlasie.pl\/NEW\/wp-json\/wp\/v2\/comments?post=260"}],"version-history":[{"count":1,"href":"http:\/\/archiwum.radiopodlasie.pl\/NEW\/wp-json\/wp\/v2\/posts\/260\/revisions"}],"predecessor-version":[{"id":6761,"href":"http:\/\/archiwum.radiopodlasie.pl\/NEW\/wp-json\/wp\/v2\/posts\/260\/revisions\/6761"}],"wp:featuredmedia":[{"embeddable":true,"href":"http:\/\/archiwum.radiopodlasie.pl\/NEW\/wp-json\/wp\/v2\/media\/5963"}],"wp:attachment":[{"href":"http:\/\/archiwum.radiopodlasie.pl\/NEW\/wp-json\/wp\/v2\/media?parent=260"}],"wp:term":[{"taxonomy":"category","embeddable":true,"href":"http:\/\/archiwum.radiopodlasie.pl\/NEW\/wp-json\/wp\/v2\/categories?post=260"},{"taxonomy":"post_tag","embeddable":true,"href":"http:\/\/archiwum.radiopodlasie.pl\/NEW\/wp-json\/wp\/v2\/tags?post=260"}],"curies":[{"name":"wp","href":"https:\/\/api.w.org\/{rel}","templated":true}]}}