{"id":2607,"date":"2018-12-03T14:04:31","date_gmt":"2018-12-03T13:04:31","guid":{"rendered":"http:\/\/archiwum.radiopodlasie.pl\/NEW\/?p=2607"},"modified":"2020-01-31T14:51:09","modified_gmt":"2020-01-31T13:51:09","slug":"zagrozenia-w-cyberprzestrzeni","status":"publish","type":"post","link":"http:\/\/archiwum.radiopodlasie.pl\/NEW\/2018\/12\/03\/zagrozenia-w-cyberprzestrzeni\/","title":{"rendered":"Zagro\u017cenia w cyberprzestrzeni"},"content":{"rendered":"<p>Tytu\u0142: <strong><em><span style=\"color: #008000;\">Zagro\u017cenia w cyberprzestrzeni<\/span><\/em><\/strong><br \/>\nAutor:<strong>Anna Kaszczyc<\/strong><br \/>\nNazwa audycji: <strong><span style=\"color: #339966;\">Unikajmy z\u0142ych dr\u00f3g &#8211; Temu mo\u017cna zapobiec <\/span><\/strong><br \/>\nData emisji: 03-12-2018<\/p>\n<p>W ramach projektu \u201eUNIKAJMY Z\u0141YCH DR\u00d3G \u2013 Temu mo\u017cna zapobiec\u201d w poniedzia\u0142kowej audycji \u015awiat Ludzkich Uczu\u0107 o godz. 21:40 na antenie Radia Podlasie mowa by\u0142a o w cyberprzestrzeni, czyli w \u015bwiecie z kt\u00f3rego korzystamy na co dzie\u0144. Przy okazji uczestnicy audycji porozmawiali o przest\u0119pstwach gospodarczych.<\/p>\n","protected":false},"excerpt":{"rendered":"<p>Tytu\u0142: Zagro\u017cenia w cyberprzestrzeni Autor:Anna Kaszczyc Nazwa audycji: Unikajmy z\u0142ych dr\u00f3g &#8211; Temu mo\u017cna zapobiec Data emisji: 03-12-2018 W ramach projektu \u201eUNIKAJMY Z\u0141YCH DR\u00d3G \u2013 Temu mo\u017cna zapobiec\u201d w poniedzia\u0142kowej audycji \u015awiat Ludzkich Uczu\u0107&#46;&#46;&#46;<\/p>\n","protected":false},"author":2,"featured_media":5963,"comment_status":"open","ping_status":"open","sticky":false,"template":"","format":"audio","meta":{"om_disable_all_campaigns":false,"_monsterinsights_skip_tracking":false,"_monsterinsights_sitenote_active":false,"_monsterinsights_sitenote_note":"","_monsterinsights_sitenote_category":0,"footnotes":""},"categories":[326,1364],"tags":[1535,28,1392,1413,897],"class_list":["post-2607","post","type-post","status-publish","format-audio","has-post-thumbnail","hentry","category-swiat-ludzkich-uczuc","category-unikajmy-zlych-drog-temu-mozna-zapobiec","tag-cyberprzestrzen","tag-swiat-ludzkich-uczuc","tag-temu-mozna-zapobiec","tag-unikajmy-zlych-drog","tag-zagrozenia","post_format-post-format-audio"],"aioseo_notices":[],"_links":{"self":[{"href":"http:\/\/archiwum.radiopodlasie.pl\/NEW\/wp-json\/wp\/v2\/posts\/2607","targetHints":{"allow":["GET"]}}],"collection":[{"href":"http:\/\/archiwum.radiopodlasie.pl\/NEW\/wp-json\/wp\/v2\/posts"}],"about":[{"href":"http:\/\/archiwum.radiopodlasie.pl\/NEW\/wp-json\/wp\/v2\/types\/post"}],"author":[{"embeddable":true,"href":"http:\/\/archiwum.radiopodlasie.pl\/NEW\/wp-json\/wp\/v2\/users\/2"}],"replies":[{"embeddable":true,"href":"http:\/\/archiwum.radiopodlasie.pl\/NEW\/wp-json\/wp\/v2\/comments?post=2607"}],"version-history":[{"count":1,"href":"http:\/\/archiwum.radiopodlasie.pl\/NEW\/wp-json\/wp\/v2\/posts\/2607\/revisions"}],"predecessor-version":[{"id":2608,"href":"http:\/\/archiwum.radiopodlasie.pl\/NEW\/wp-json\/wp\/v2\/posts\/2607\/revisions\/2608"}],"wp:featuredmedia":[{"embeddable":true,"href":"http:\/\/archiwum.radiopodlasie.pl\/NEW\/wp-json\/wp\/v2\/media\/5963"}],"wp:attachment":[{"href":"http:\/\/archiwum.radiopodlasie.pl\/NEW\/wp-json\/wp\/v2\/media?parent=2607"}],"wp:term":[{"taxonomy":"category","embeddable":true,"href":"http:\/\/archiwum.radiopodlasie.pl\/NEW\/wp-json\/wp\/v2\/categories?post=2607"},{"taxonomy":"post_tag","embeddable":true,"href":"http:\/\/archiwum.radiopodlasie.pl\/NEW\/wp-json\/wp\/v2\/tags?post=2607"}],"curies":[{"name":"wp","href":"https:\/\/api.w.org\/{rel}","templated":true}]}}