{"id":26917,"date":"2025-06-16T17:55:00","date_gmt":"2025-06-16T15:55:00","guid":{"rendered":"https:\/\/archiwum.radiopodlasie.pl\/NEW\/?p=26917"},"modified":"2025-06-15T20:40:16","modified_gmt":"2025-06-15T18:40:16","slug":"o-geologii-ktorej-mozna-uczyc-sie-nie-tylko-w-szkolnej-lawce","status":"publish","type":"post","link":"http:\/\/archiwum.radiopodlasie.pl\/NEW\/2025\/06\/16\/o-geologii-ktorej-mozna-uczyc-sie-nie-tylko-w-szkolnej-lawce\/","title":{"rendered":"O geologii, kt\u00f3rej mo\u017cna uczy\u0107 si\u0119 nie tylko w szkolnej \u0142awce"},"content":{"rendered":"<p>Tytu\u0142<strong>: O geologii, kt\u00f3rej mo\u017cna uczy\u0107 si\u0119 nie tylko w szkolnej \u0142awce<\/strong><\/p>\n<p>Autor: Agnieszka Bolewska-Iwaniuk<\/p>\n<p>Nazwa audycji: <strong><span style=\"color: #339966;\">Wywiady<\/span><\/strong><br \/>Data emisji: 16-06-2025<\/p>\n<p>Geologia to nauka o Ziemi, w szkole uczniowie zg\u0142\u0119biaj\u0105 t\u0119 nauk\u0119 w ramach lekcji geografii. Swoj\u0105 wiedz\u0119 mog\u0105 sprawdzi\u0107 np. bior\u0105c udzia\u0142 w konkursach czy olimpiadach. Zrobi\u0142a tak Iza Pananiuk z siemiatyckiego LO i zakasowa\u0142a konkurencj\u0119 z trzech wojew\u00f3dztw. <br \/>W konkursie \u201eNasza Ziemia \u015brodowisko przyrodnicze &#8211; wczoraj, dzi\u015b i jutro\u201d Izabela Panasiuk opracowa\u0142a program geowycieczki. <br \/>O geologii, kt\u00f3rej mo\u017cna uczy\u0107 si\u0119 nie tylko w szkolnej \u0142awce, z Iz\u0105 Panasiuk i jej nauczycielk\u0105 El\u017cbiet\u0105 Sielick\u0105, rozmawia\u0142a Agnieszka Bolewska-Iwaniuk.<\/p>\n\n\n<figure class=\"wp-block-image size-large\"><img loading=\"lazy\" decoding=\"async\" width=\"1024\" height=\"766\" src=\"https:\/\/archiwum.radiopodlasie.pl\/NEW\/wp-content\/uploads\/2025\/06\/geologia-lo-1024x766.jpg\" alt=\"\" class=\"wp-image-26919\" srcset=\"http:\/\/archiwum.radiopodlasie.pl\/NEW\/wp-content\/uploads\/2025\/06\/geologia-lo-1024x766.jpg 1024w, http:\/\/archiwum.radiopodlasie.pl\/NEW\/wp-content\/uploads\/2025\/06\/geologia-lo-300x224.jpg 300w, http:\/\/archiwum.radiopodlasie.pl\/NEW\/wp-content\/uploads\/2025\/06\/geologia-lo-768x575.jpg 768w, http:\/\/archiwum.radiopodlasie.pl\/NEW\/wp-content\/uploads\/2025\/06\/geologia-lo-1536x1149.jpg 1536w, http:\/\/archiwum.radiopodlasie.pl\/NEW\/wp-content\/uploads\/2025\/06\/geologia-lo-2048x1532.jpg 2048w\" sizes=\"auto, (max-width: 1024px) 100vw, 1024px\" \/><\/figure>\n\n\n\n<figure class=\"wp-block-audio\"><audio controls src=\"https:\/\/dzwieki.radiopodlasie.pl:8789\/uploads\/2025\/06\/250616_abol_16_geowycieczka_pp.mp3\"><\/audio><\/figure>\n","protected":false},"excerpt":{"rendered":"<p>Tytu\u0142: O geologii, kt\u00f3rej mo\u017cna uczy\u0107 si\u0119 nie tylko w szkolnej \u0142awce Autor: Agnieszka Bolewska-Iwaniuk Nazwa audycji: WywiadyData emisji: 16-06-2025 Geologia to nauka o Ziemi, w szkole uczniowie zg\u0142\u0119biaj\u0105 t\u0119 nauk\u0119 w ramach lekcji&#46;&#46;&#46;<\/p>\n","protected":false},"author":123459,"featured_media":6100,"comment_status":"open","ping_status":"open","sticky":false,"template":"","format":"standard","meta":{"om_disable_all_campaigns":false,"_monsterinsights_skip_tracking":false,"_monsterinsights_sitenote_active":false,"_monsterinsights_sitenote_note":"","_monsterinsights_sitenote_category":0,"footnotes":""},"categories":[360,320],"tags":[201,4160,4161,140],"class_list":["post-26917","post","type-post","status-publish","format-standard","has-post-thumbnail","hentry","category-agnieszka-bolewska-iwaniuk","category-wywiady","tag-agnieszka-bolewska-iwaniuk","tag-geologia","tag-iza-panasiuk","tag-siemiatycze"],"aioseo_notices":[],"_links":{"self":[{"href":"http:\/\/archiwum.radiopodlasie.pl\/NEW\/wp-json\/wp\/v2\/posts\/26917","targetHints":{"allow":["GET"]}}],"collection":[{"href":"http:\/\/archiwum.radiopodlasie.pl\/NEW\/wp-json\/wp\/v2\/posts"}],"about":[{"href":"http:\/\/archiwum.radiopodlasie.pl\/NEW\/wp-json\/wp\/v2\/types\/post"}],"author":[{"embeddable":true,"href":"http:\/\/archiwum.radiopodlasie.pl\/NEW\/wp-json\/wp\/v2\/users\/123459"}],"replies":[{"embeddable":true,"href":"http:\/\/archiwum.radiopodlasie.pl\/NEW\/wp-json\/wp\/v2\/comments?post=26917"}],"version-history":[{"count":2,"href":"http:\/\/archiwum.radiopodlasie.pl\/NEW\/wp-json\/wp\/v2\/posts\/26917\/revisions"}],"predecessor-version":[{"id":26920,"href":"http:\/\/archiwum.radiopodlasie.pl\/NEW\/wp-json\/wp\/v2\/posts\/26917\/revisions\/26920"}],"wp:featuredmedia":[{"embeddable":true,"href":"http:\/\/archiwum.radiopodlasie.pl\/NEW\/wp-json\/wp\/v2\/media\/6100"}],"wp:attachment":[{"href":"http:\/\/archiwum.radiopodlasie.pl\/NEW\/wp-json\/wp\/v2\/media?parent=26917"}],"wp:term":[{"taxonomy":"category","embeddable":true,"href":"http:\/\/archiwum.radiopodlasie.pl\/NEW\/wp-json\/wp\/v2\/categories?post=26917"},{"taxonomy":"post_tag","embeddable":true,"href":"http:\/\/archiwum.radiopodlasie.pl\/NEW\/wp-json\/wp\/v2\/tags?post=26917"}],"curies":[{"name":"wp","href":"https:\/\/api.w.org\/{rel}","templated":true}]}}