{"id":28028,"date":"2025-09-03T23:15:00","date_gmt":"2025-09-03T21:15:00","guid":{"rendered":"https:\/\/archiwum.radiopodlasie.pl\/NEW\/?p=28028"},"modified":"2025-09-05T16:55:42","modified_gmt":"2025-09-05T14:55:42","slug":"wodzirej-fantomasz-i-jego-pasja-do-prowadzenia-imprez","status":"publish","type":"post","link":"http:\/\/archiwum.radiopodlasie.pl\/NEW\/2025\/09\/03\/wodzirej-fantomasz-i-jego-pasja-do-prowadzenia-imprez\/","title":{"rendered":"Wodzirej Fantomasz i jego pasja do prowadzenia imprez"},"content":{"rendered":"<p>Tytu\u0142: Wodzirej Fantomasz i jego pasja do prowadzenia imprez<\/p>\n<p>Autor: <span class=\"x193iq5w xeuugli x13faqbe x1vvkbs x1xmvt09 x1lliihq x1s928wv xhkezso x1gmr53x x1cpjm7i x1fgarty x1943h6x xudqn12 x3x7a5m x6prxxf xvq8zen xo1l8bm xzsf02u x1yc453h\" dir=\"auto\">Marek Dzyr<\/span><\/p>\n<p>Nazwa audycji: <strong><span style=\"color: #339966;\">Znajd\u017a pomys\u0142 na siebie<\/span><\/strong><br \/>Data emisji: 03-09-2025<\/p>\n<p>Zastanawiasz si\u0119 czasem, jak to jest pracowa\u0107 w bran\u017cy eventowej? Albo sk\u0105d wzi\u0105\u0107 odwag\u0119, by realizowa\u0107 swoje marzenia? Je\u015bli szukasz inspracji, ta audycja jest w\u0142a\u015bnie dla Ciebie!<\/p>\n<p>Go\u015bciem dzisiejszej audycji \u201eZnajd\u017a Pomys\u0142 Na Siebie\u201d by\u0142 Wodzirej Fantomasz &#8211; profesjonalny wodzirej z ogromnym do\u015bwiadczeniem i niesamowit\u0105 energi\u0105!<br \/>W rozmowie m.in. o:<br \/>Pocz\u0105tkach: Jak zaczyna\u0142 swoj\u0105 przygod\u0119 z prowadzeniem imprez?<br \/>Wyzwaniach: Z jakimi trudno\u015bciami mierzy\u0142 si\u0119 w swojej pracy?<br \/>Emocjach: Jak radzi\u0107 sobie z stresem i niepewno\u015bci\u0105?<br \/>Praktyce: Gdzie szuka\u0107 pierwszej okazji do zdobycia do\u015bwiadczenia?<br \/>Marzeniach: Czy praca wodzireja to spe\u0142nienie jego pasji?<\/p>\n<p>Na audycje zaprasza Marek Dzyr.<\/p>\n\n\n<figure class=\"wp-block-audio\"><audio controls src=\"https:\/\/dzwieki.radiopodlasie.pl:8789\/uploads\/2025\/09\/250903_znajdzpomysl.mp3\"><\/audio><\/figure>\n","protected":false},"excerpt":{"rendered":"<p>Tytu\u0142: Wodzirej Fantomasz i jego pasja do prowadzenia imprez Autor: Marek Dzyr Nazwa audycji: Znajd\u017a pomys\u0142 na siebieData emisji: 03-09-2025 Zastanawiasz si\u0119 czasem, jak to jest pracowa\u0107 w bran\u017cy eventowej? Albo sk\u0105d wzi\u0105\u0107 odwag\u0119,&#46;&#46;&#46;<\/p>\n","protected":false},"author":123459,"featured_media":25730,"comment_status":"open","ping_status":"open","sticky":false,"template":"","format":"standard","meta":{"om_disable_all_campaigns":false,"_monsterinsights_skip_tracking":false,"_monsterinsights_sitenote_active":false,"_monsterinsights_sitenote_note":"","_monsterinsights_sitenote_category":0,"footnotes":""},"categories":[323,3993],"tags":[3995,4279,4280,3994],"class_list":["post-28028","post","type-post","status-publish","format-standard","has-post-thumbnail","hentry","category-audycje","category-znajdz-pomysl-na-siebie","tag-marek-dzyr","tag-tomasz-furtak","tag-wodzirej-fantomasz","tag-znajdz-pomysl-na-siebie"],"aioseo_notices":[],"_links":{"self":[{"href":"http:\/\/archiwum.radiopodlasie.pl\/NEW\/wp-json\/wp\/v2\/posts\/28028","targetHints":{"allow":["GET"]}}],"collection":[{"href":"http:\/\/archiwum.radiopodlasie.pl\/NEW\/wp-json\/wp\/v2\/posts"}],"about":[{"href":"http:\/\/archiwum.radiopodlasie.pl\/NEW\/wp-json\/wp\/v2\/types\/post"}],"author":[{"embeddable":true,"href":"http:\/\/archiwum.radiopodlasie.pl\/NEW\/wp-json\/wp\/v2\/users\/123459"}],"replies":[{"embeddable":true,"href":"http:\/\/archiwum.radiopodlasie.pl\/NEW\/wp-json\/wp\/v2\/comments?post=28028"}],"version-history":[{"count":5,"href":"http:\/\/archiwum.radiopodlasie.pl\/NEW\/wp-json\/wp\/v2\/posts\/28028\/revisions"}],"predecessor-version":[{"id":28033,"href":"http:\/\/archiwum.radiopodlasie.pl\/NEW\/wp-json\/wp\/v2\/posts\/28028\/revisions\/28033"}],"wp:featuredmedia":[{"embeddable":true,"href":"http:\/\/archiwum.radiopodlasie.pl\/NEW\/wp-json\/wp\/v2\/media\/25730"}],"wp:attachment":[{"href":"http:\/\/archiwum.radiopodlasie.pl\/NEW\/wp-json\/wp\/v2\/media?parent=28028"}],"wp:term":[{"taxonomy":"category","embeddable":true,"href":"http:\/\/archiwum.radiopodlasie.pl\/NEW\/wp-json\/wp\/v2\/categories?post=28028"},{"taxonomy":"post_tag","embeddable":true,"href":"http:\/\/archiwum.radiopodlasie.pl\/NEW\/wp-json\/wp\/v2\/tags?post=28028"}],"curies":[{"name":"wp","href":"https:\/\/api.w.org\/{rel}","templated":true}]}}