{"id":28042,"date":"2025-09-05T17:48:05","date_gmt":"2025-09-05T15:48:05","guid":{"rendered":"https:\/\/archiwum.radiopodlasie.pl\/NEW\/?p=28042"},"modified":"2025-09-05T17:48:06","modified_gmt":"2025-09-05T15:48:06","slug":"gospodarka-lowiecka-a-myslistwo-mity-i-fakty-kulturotworcza-rola-lowiectwa-audycja-z-5-wrzesnia-2025","status":"publish","type":"post","link":"http:\/\/archiwum.radiopodlasie.pl\/NEW\/2025\/09\/05\/gospodarka-lowiecka-a-myslistwo-mity-i-fakty-kulturotworcza-rola-lowiectwa-audycja-z-5-wrzesnia-2025\/","title":{"rendered":"Gospodarka \u0142owiecka, a my\u015blistwo \u2013 mity i fakty. Kulturotw\u00f3rcza rola \u0142owiectwa &#8211; audycja z 5 wrze\u015bnia 2025"},"content":{"rendered":"<p>Tytu\u0142: Gospodarka \u0142owiecka, a my\u015blistwo \u2013 mity i fakty. Kulturotw\u00f3rcza rola \u0142owiectwa &#8211; audycja z 5 wrze\u015bnia 2025<\/p>\n<p>Autor: Katarzyna Chaci\u0144ska<\/p>\n<p>Nazwa audycji: <strong><span style=\"color: #339966;\">Gospodarka \u0142owiecka a my\u015blistwo \u2013 fakty i mity<\/span><\/strong><br \/>Data emisji: 05-09-2025<\/p>\n<p>W audycji \u201eGospodarka \u0142owiecka, a my\u015blistwo, mity i fakty\u201d z 22 sierpnia poruszyli\u015bmy zagadnienie kulturotw\u00f3rczej roli \u0142owiectwa. Dzisiaj wr\u00f3cimy do dalszej rozmowy Katarzyny Chaci\u0144skiej z adwokatem, Ryszardem Czwarnogiem, Prezesem Okr\u0119gowego S\u0105du \u0141owieckiego Polskiego Zwi\u0105zku \u0141owieckiego w Siedlcach i Jerzym Osiakiem, Nadle\u015bniczym Nadle\u015bnictwa Siedlce. Tym razem nawi\u0105\u017cemy do sztuki, kt\u00f3r\u0105 na co dzie\u0144 ogl\u0105damy i podziwiamy, a cz\u0119sto nie zdajemy sobie sprawy, jak wiele motyw\u00f3w wynosi si\u0119 z \u0142owiectwa.<\/p>\n\n\n<figure class=\"wp-block-audio\"><audio controls src=\"https:\/\/dzwieki.radiopodlasie.pl:8789\/uploads\/2025\/09\/250905_kch_05_gospodarkalowiecka_edit2.mp3\"><\/audio><\/figure>\n\n\n\n<p>Zapraszamy do s\u0142uchania kolejnego odcinka audycji \u201eGospodarka \u0142owiecka, a my\u015blistwo, mity i fakty\u201d w pi\u0105tek, 19 wrze\u015bnia po godz. 17.20.<\/p>\n","protected":false},"excerpt":{"rendered":"<p>Tytu\u0142: Gospodarka \u0142owiecka, a my\u015blistwo \u2013 mity i fakty. Kulturotw\u00f3rcza rola \u0142owiectwa &#8211; audycja z 5 wrze\u015bnia 2025 Autor: Katarzyna Chaci\u0144ska Nazwa audycji: Gospodarka \u0142owiecka a my\u015blistwo \u2013 fakty i mityData emisji: 05-09-2025 W&#46;&#46;&#46;<\/p>\n","protected":false},"author":123459,"featured_media":26312,"comment_status":"open","ping_status":"open","sticky":false,"template":"","format":"standard","meta":{"om_disable_all_campaigns":false,"_monsterinsights_skip_tracking":false,"_monsterinsights_sitenote_active":false,"_monsterinsights_sitenote_note":"","_monsterinsights_sitenote_category":0,"footnotes":""},"categories":[323,4074,3528,320],"tags":[4076,4077,3712,3856],"class_list":["post-28042","post","type-post","status-publish","format-standard","has-post-thumbnail","hentry","category-audycje","category-gospodarka-lowiecka-a-myslistwo-fakty-i-mity","category-katarzyna-chacinska","category-wywiady","tag-gospodarka-lowiecka","tag-jerzy-osiak","tag-katarzyna-chacinska","tag-ryszard-czwarnog"],"aioseo_notices":[],"_links":{"self":[{"href":"http:\/\/archiwum.radiopodlasie.pl\/NEW\/wp-json\/wp\/v2\/posts\/28042","targetHints":{"allow":["GET"]}}],"collection":[{"href":"http:\/\/archiwum.radiopodlasie.pl\/NEW\/wp-json\/wp\/v2\/posts"}],"about":[{"href":"http:\/\/archiwum.radiopodlasie.pl\/NEW\/wp-json\/wp\/v2\/types\/post"}],"author":[{"embeddable":true,"href":"http:\/\/archiwum.radiopodlasie.pl\/NEW\/wp-json\/wp\/v2\/users\/123459"}],"replies":[{"embeddable":true,"href":"http:\/\/archiwum.radiopodlasie.pl\/NEW\/wp-json\/wp\/v2\/comments?post=28042"}],"version-history":[{"count":1,"href":"http:\/\/archiwum.radiopodlasie.pl\/NEW\/wp-json\/wp\/v2\/posts\/28042\/revisions"}],"predecessor-version":[{"id":28043,"href":"http:\/\/archiwum.radiopodlasie.pl\/NEW\/wp-json\/wp\/v2\/posts\/28042\/revisions\/28043"}],"wp:featuredmedia":[{"embeddable":true,"href":"http:\/\/archiwum.radiopodlasie.pl\/NEW\/wp-json\/wp\/v2\/media\/26312"}],"wp:attachment":[{"href":"http:\/\/archiwum.radiopodlasie.pl\/NEW\/wp-json\/wp\/v2\/media?parent=28042"}],"wp:term":[{"taxonomy":"category","embeddable":true,"href":"http:\/\/archiwum.radiopodlasie.pl\/NEW\/wp-json\/wp\/v2\/categories?post=28042"},{"taxonomy":"post_tag","embeddable":true,"href":"http:\/\/archiwum.radiopodlasie.pl\/NEW\/wp-json\/wp\/v2\/tags?post=28042"}],"curies":[{"name":"wp","href":"https:\/\/api.w.org\/{rel}","templated":true}]}}