{"id":28044,"date":"2025-09-05T17:59:24","date_gmt":"2025-09-05T15:59:24","guid":{"rendered":"https:\/\/archiwum.radiopodlasie.pl\/NEW\/?p=28044"},"modified":"2025-09-05T17:59:25","modified_gmt":"2025-09-05T15:59:25","slug":"diecezjalna-piesza-pielgrzymka-drohiczyn-loretto","status":"publish","type":"post","link":"http:\/\/archiwum.radiopodlasie.pl\/NEW\/2025\/09\/05\/diecezjalna-piesza-pielgrzymka-drohiczyn-loretto\/","title":{"rendered":"Diecezjalna Piesza Pielgrzymka Drohiczyn \u2013 Loretto"},"content":{"rendered":"<p>Tytu\u0142<strong>: Diecezjalna Piesza Pielgrzymka Drohiczyn \u2013 Loretto<\/strong><\/p>\n<p>Autor: Agnieszka Bolewska-Iwaniuk<\/p>\n<p>Nazwa audycji: <strong><span style=\"color: #339966;\">Wywiady<\/span><\/strong><br \/>Data emisji: 05-09-2025<\/p>\n<p>\u201eMaryjo, na drogach nam nadziej\u0105 \u015bwie\u0107\u201d, te s\u0142owa przy\u015bwiecaj\u0105 pielgrzymom, kt\u00f3rzy wczoraj (w czwartek, 4 sierpnia) z Drohiczyna ruszyli szlakiem b\u0142. ks. Ignacego K\u0142opotowskiego. Diecezjalna Piesza Pielgrzymka Drohiczyn \u2013 Loretto, to pielgrzymka od chrzcielnicy do grobu b\u0142ogos\u0142awionego kap\u0142ana, kt\u00f3ry by\u0142 za\u0142o\u017cycielem Zgromadzenia Si\u00f3str Matki Bo\u017cej Loreta\u0144skiej i za\u0142o\u017cycielem Sanktuarium w Loretto. <br \/>Symbolicznym rozpocz\u0119ciem p\u0105tniczej drogi by\u0142o podej\u015bcie do chrzcielnicy, przy kt\u00f3rej by\u0142 ochrzczony b\u0142. ks. Ignacy K\u0142opotowski. Pielgrzymka zako\u0144czy si\u0119 w niedziel\u0119 (7 wrze\u015bnia) w Loretto przy grobie kap\u0142ana.<br \/>Wychodz\u0105cym w drog\u0119 pielgrzymom towarzyszy\u0142a Agnieszka Bolewska-Iwaniuk.<\/p>\n\n\n<figure class=\"wp-block-image size-large\"><img loading=\"lazy\" decoding=\"async\" width=\"1024\" height=\"683\" src=\"https:\/\/archiwum.radiopodlasie.pl\/NEW\/wp-content\/uploads\/2025\/09\/NoE4E3q_-1024x683.jpg\" alt=\"\" class=\"wp-image-28046\" srcset=\"http:\/\/archiwum.radiopodlasie.pl\/NEW\/wp-content\/uploads\/2025\/09\/NoE4E3q_-1024x683.jpg 1024w, http:\/\/archiwum.radiopodlasie.pl\/NEW\/wp-content\/uploads\/2025\/09\/NoE4E3q_-300x200.jpg 300w, http:\/\/archiwum.radiopodlasie.pl\/NEW\/wp-content\/uploads\/2025\/09\/NoE4E3q_-768x512.jpg 768w, http:\/\/archiwum.radiopodlasie.pl\/NEW\/wp-content\/uploads\/2025\/09\/NoE4E3q_.jpg 1200w\" sizes=\"auto, (max-width: 1024px) 100vw, 1024px\" \/><\/figure>\n\n\n\n<figure class=\"wp-block-audio\"><audio controls src=\"https:\/\/dzwieki.radiopodlasie.pl:8789\/uploads\/2025\/09\/250905_abol_05_Loretto.mp3\"><\/audio><\/figure>\n","protected":false},"excerpt":{"rendered":"<p>Tytu\u0142: Diecezjalna Piesza Pielgrzymka Drohiczyn \u2013 Loretto Autor: Agnieszka Bolewska-Iwaniuk Nazwa audycji: WywiadyData emisji: 05-09-2025 \u201eMaryjo, na drogach nam nadziej\u0105 \u015bwie\u0107\u201d, te s\u0142owa przy\u015bwiecaj\u0105 pielgrzymom, kt\u00f3rzy wczoraj (w czwartek, 4 sierpnia) z Drohiczyna ruszyli&#46;&#46;&#46;<\/p>\n","protected":false},"author":123459,"featured_media":6100,"comment_status":"open","ping_status":"open","sticky":false,"template":"","format":"standard","meta":{"om_disable_all_campaigns":false,"_monsterinsights_skip_tracking":false,"_monsterinsights_sitenote_active":false,"_monsterinsights_sitenote_note":"","_monsterinsights_sitenote_category":0,"footnotes":""},"categories":[360,320],"tags":[201,4256,904],"class_list":["post-28044","post","type-post","status-publish","format-standard","has-post-thumbnail","hentry","category-agnieszka-bolewska-iwaniuk","category-wywiady","tag-agnieszka-bolewska-iwaniuk","tag-loretto","tag-pielgrzymka"],"aioseo_notices":[],"_links":{"self":[{"href":"http:\/\/archiwum.radiopodlasie.pl\/NEW\/wp-json\/wp\/v2\/posts\/28044","targetHints":{"allow":["GET"]}}],"collection":[{"href":"http:\/\/archiwum.radiopodlasie.pl\/NEW\/wp-json\/wp\/v2\/posts"}],"about":[{"href":"http:\/\/archiwum.radiopodlasie.pl\/NEW\/wp-json\/wp\/v2\/types\/post"}],"author":[{"embeddable":true,"href":"http:\/\/archiwum.radiopodlasie.pl\/NEW\/wp-json\/wp\/v2\/users\/123459"}],"replies":[{"embeddable":true,"href":"http:\/\/archiwum.radiopodlasie.pl\/NEW\/wp-json\/wp\/v2\/comments?post=28044"}],"version-history":[{"count":2,"href":"http:\/\/archiwum.radiopodlasie.pl\/NEW\/wp-json\/wp\/v2\/posts\/28044\/revisions"}],"predecessor-version":[{"id":28047,"href":"http:\/\/archiwum.radiopodlasie.pl\/NEW\/wp-json\/wp\/v2\/posts\/28044\/revisions\/28047"}],"wp:featuredmedia":[{"embeddable":true,"href":"http:\/\/archiwum.radiopodlasie.pl\/NEW\/wp-json\/wp\/v2\/media\/6100"}],"wp:attachment":[{"href":"http:\/\/archiwum.radiopodlasie.pl\/NEW\/wp-json\/wp\/v2\/media?parent=28044"}],"wp:term":[{"taxonomy":"category","embeddable":true,"href":"http:\/\/archiwum.radiopodlasie.pl\/NEW\/wp-json\/wp\/v2\/categories?post=28044"},{"taxonomy":"post_tag","embeddable":true,"href":"http:\/\/archiwum.radiopodlasie.pl\/NEW\/wp-json\/wp\/v2\/tags?post=28044"}],"curies":[{"name":"wp","href":"https:\/\/api.w.org\/{rel}","templated":true}]}}