{"id":28665,"date":"2025-10-18T08:52:00","date_gmt":"2025-10-18T06:52:00","guid":{"rendered":"https:\/\/archiwum.radiopodlasie.pl\/NEW\/?p=28665"},"modified":"2025-10-18T10:16:58","modified_gmt":"2025-10-18T08:16:58","slug":"audycja-z-polszczyzna-na-ty-z-18-pazdziernika-2025","status":"publish","type":"post","link":"http:\/\/archiwum.radiopodlasie.pl\/NEW\/2025\/10\/18\/audycja-z-polszczyzna-na-ty-z-18-pazdziernika-2025\/","title":{"rendered":"Audycja &#8222;Z polszczyzn\u0105 na Ty&#8221; z 18 pa\u017adziernika 2025"},"content":{"rendered":"<p>Tytu\u0142: Audycja &#8222;Z polszczyzn\u0105 na Ty&#8221; z 18 pa\u017adziernika 2025<\/p>\n<p>Autor<strong>: Wies\u0142awa Kwiek<\/strong><\/p>\n<p>Nazwa audycji: <strong>Z polszczyzn\u0105 na Ty<\/strong><br \/>Data emisji: 18-10-2025<\/p>\n<p>Czy wiesz, jak poprawnie nazywa\u0107 mieszka\u0144c\u00f3w miast, region\u00f3w i pa\u0144stw? M\u00f3wimy \u201ewarszawianin\u201d czy \u201ewarszawiak\u201d? \u201eToru\u0144czyk\u201d czy \u201etorunianin\u201d? A jak brzmi poprawnie \u2014 \u201ePeruwianka\u201d czy \u201ePeruwianka z Peru\u201d? W dzisiejszej audycji Z polszczyzn\u0105 na Ty rozwiejemy j\u0119zykowe w\u0105tpliwo\u015bci dotycz\u0105ce nazw mieszka\u0144c\u00f3w r\u00f3\u017cnych zak\u0105tk\u00f3w \u015bwiata \u2014 tych bliskich i tych dalekich.\u00a0Na audycj\u0119 zaprasza Wies\u0142awa Kwiek.<\/p>\n\n\n<figure class=\"wp-block-audio\"><audio controls src=\"https:\/\/dzwieki.radiopodlasie.pl:8789\/uploads\/2025\/10\/251018_pkry_z_polszczyzna_na_ty_1810.mp3\"><\/audio><\/figure>\n","protected":false},"excerpt":{"rendered":"<p>Tytu\u0142: Audycja &#8222;Z polszczyzn\u0105 na Ty&#8221; z 18 pa\u017adziernika 2025 Autor: Wies\u0142awa Kwiek Nazwa audycji: Z polszczyzn\u0105 na TyData emisji: 18-10-2025 Czy wiesz, jak poprawnie nazywa\u0107 mieszka\u0144c\u00f3w miast, region\u00f3w i pa\u0144stw? M\u00f3wimy \u201ewarszawianin\u201d czy&#46;&#46;&#46;<\/p>\n","protected":false},"author":123459,"featured_media":26760,"comment_status":"open","ping_status":"open","sticky":false,"template":"","format":"standard","meta":{"om_disable_all_campaigns":false,"_monsterinsights_skip_tracking":false,"_monsterinsights_sitenote_active":false,"_monsterinsights_sitenote_note":"","_monsterinsights_sitenote_category":0,"footnotes":""},"categories":[4139],"tags":[2701,4140],"class_list":["post-28665","post","type-post","status-publish","format-standard","has-post-thumbnail","hentry","category-z-polszczyzna-na-ty","tag-wieslawa-kwiek","tag-z-polszczyzna-na-ty"],"aioseo_notices":[],"_links":{"self":[{"href":"http:\/\/archiwum.radiopodlasie.pl\/NEW\/wp-json\/wp\/v2\/posts\/28665","targetHints":{"allow":["GET"]}}],"collection":[{"href":"http:\/\/archiwum.radiopodlasie.pl\/NEW\/wp-json\/wp\/v2\/posts"}],"about":[{"href":"http:\/\/archiwum.radiopodlasie.pl\/NEW\/wp-json\/wp\/v2\/types\/post"}],"author":[{"embeddable":true,"href":"http:\/\/archiwum.radiopodlasie.pl\/NEW\/wp-json\/wp\/v2\/users\/123459"}],"replies":[{"embeddable":true,"href":"http:\/\/archiwum.radiopodlasie.pl\/NEW\/wp-json\/wp\/v2\/comments?post=28665"}],"version-history":[{"count":1,"href":"http:\/\/archiwum.radiopodlasie.pl\/NEW\/wp-json\/wp\/v2\/posts\/28665\/revisions"}],"predecessor-version":[{"id":28666,"href":"http:\/\/archiwum.radiopodlasie.pl\/NEW\/wp-json\/wp\/v2\/posts\/28665\/revisions\/28666"}],"wp:featuredmedia":[{"embeddable":true,"href":"http:\/\/archiwum.radiopodlasie.pl\/NEW\/wp-json\/wp\/v2\/media\/26760"}],"wp:attachment":[{"href":"http:\/\/archiwum.radiopodlasie.pl\/NEW\/wp-json\/wp\/v2\/media?parent=28665"}],"wp:term":[{"taxonomy":"category","embeddable":true,"href":"http:\/\/archiwum.radiopodlasie.pl\/NEW\/wp-json\/wp\/v2\/categories?post=28665"},{"taxonomy":"post_tag","embeddable":true,"href":"http:\/\/archiwum.radiopodlasie.pl\/NEW\/wp-json\/wp\/v2\/tags?post=28665"}],"curies":[{"name":"wp","href":"https:\/\/api.w.org\/{rel}","templated":true}]}}