{"id":28669,"date":"2025-10-18T09:55:00","date_gmt":"2025-10-18T07:55:00","guid":{"rendered":"https:\/\/archiwum.radiopodlasie.pl\/NEW\/?p=28669"},"modified":"2025-10-18T10:17:10","modified_gmt":"2025-10-18T08:17:10","slug":"rozmowa-z-beata-cechowska-atay","status":"publish","type":"post","link":"http:\/\/archiwum.radiopodlasie.pl\/NEW\/2025\/10\/18\/rozmowa-z-beata-cechowska-atay\/","title":{"rendered":"Rozmowa z Beat\u0105 Cechowsk\u0105-Atay"},"content":{"rendered":"<p>Tytu\u0142: Rozmowa z Beat\u0105 Cechowsk\u0105-Atay<\/p>\n<p>Autor: Pawe\u0142 Kryszczuk<\/p>\n<p>Nazwa audycji: <strong><span style=\"color: #339966;\">Wywiady, Go\u015b\u0107 Wolnej Soboty<\/span><\/strong><br \/>Data emisji: 18-10-2025<\/p>\n<p>Beata Cechowska-Atay &#8211; pisarka, autorka ksi\u0105\u017cek religijnych dla dzieci.<br \/>To w\u0142a\u015bnie ona w niezwykle ciep\u0142y i przyst\u0119pny spos\u00f3b opowiada najm\u0142odszym o \u017cyciu \u015bwi\u0119tych &#8211; takich jak \u015bwi\u0119ta Rita, \u015bwi\u0119ty Szarbel czy ksi\u0105dz Dolindo.<br \/>Jej ksi\u0105\u017cki, pe\u0142ne pi\u0119knych ilustracji, ucz\u0105, inspiruj\u0105 i pomagaj\u0105 odkrywa\u0107 duchowe warto\u015bci w codziennym \u017cyciu.<br \/>Niedawno autorka wraz z Wydawnictwem UNITAS zosta\u0142a uhonorowana presti\u017cow\u0105 nagrod\u0105 FENIKS 2025 w kategorii ksi\u0105\u017cka dla dzieci &#8211; za publikacj\u0119 \u201eNiesamowite \u017cycie \u015bw. Rity\u201d.<br \/>O inspiracjach, pracy tw\u00f3rczej i o tym, jak opowiada\u0107 o wierze najm\u0142odszym z autork\u0105 rozmawia\u0142 Pawe\u0142 Kryszczuk.<\/p>\n\n\n<figure class=\"wp-block-audio\"><audio controls src=\"https:\/\/dzwieki.radiopodlasie.pl:8789\/uploads\/2025\/10\/251018_gws_pkry_beata_cechowska.mp3\"><\/audio><\/figure>\n","protected":false},"excerpt":{"rendered":"<p>Tytu\u0142: Rozmowa z Beat\u0105 Cechowsk\u0105-Atay Autor: Pawe\u0142 Kryszczuk Nazwa audycji: Wywiady, Go\u015b\u0107 Wolnej SobotyData emisji: 18-10-2025 Beata Cechowska-Atay &#8211; pisarka, autorka ksi\u0105\u017cek religijnych dla dzieci.To w\u0142a\u015bnie ona w niezwykle ciep\u0142y i przyst\u0119pny spos\u00f3b opowiada&#46;&#46;&#46;<\/p>\n","protected":false},"author":123459,"featured_media":6247,"comment_status":"open","ping_status":"open","sticky":false,"template":"","format":"standard","meta":{"om_disable_all_campaigns":false,"_monsterinsights_skip_tracking":false,"_monsterinsights_sitenote_active":false,"_monsterinsights_sitenote_note":"","_monsterinsights_sitenote_category":0,"footnotes":""},"categories":[3536,567,320],"tags":[4380,294,2642,4381],"class_list":["post-28669","post","type-post","status-publish","format-standard","has-post-thumbnail","hentry","category-gosc-wolnej-soboty","category-pawel-kryszczuk","category-wywiady","tag-beata-cechowska-atay","tag-pawel-kryszczuk","tag-sw-rita","tag-unitas"],"aioseo_notices":[],"_links":{"self":[{"href":"http:\/\/archiwum.radiopodlasie.pl\/NEW\/wp-json\/wp\/v2\/posts\/28669","targetHints":{"allow":["GET"]}}],"collection":[{"href":"http:\/\/archiwum.radiopodlasie.pl\/NEW\/wp-json\/wp\/v2\/posts"}],"about":[{"href":"http:\/\/archiwum.radiopodlasie.pl\/NEW\/wp-json\/wp\/v2\/types\/post"}],"author":[{"embeddable":true,"href":"http:\/\/archiwum.radiopodlasie.pl\/NEW\/wp-json\/wp\/v2\/users\/123459"}],"replies":[{"embeddable":true,"href":"http:\/\/archiwum.radiopodlasie.pl\/NEW\/wp-json\/wp\/v2\/comments?post=28669"}],"version-history":[{"count":2,"href":"http:\/\/archiwum.radiopodlasie.pl\/NEW\/wp-json\/wp\/v2\/posts\/28669\/revisions"}],"predecessor-version":[{"id":28682,"href":"http:\/\/archiwum.radiopodlasie.pl\/NEW\/wp-json\/wp\/v2\/posts\/28669\/revisions\/28682"}],"wp:featuredmedia":[{"embeddable":true,"href":"http:\/\/archiwum.radiopodlasie.pl\/NEW\/wp-json\/wp\/v2\/media\/6247"}],"wp:attachment":[{"href":"http:\/\/archiwum.radiopodlasie.pl\/NEW\/wp-json\/wp\/v2\/media?parent=28669"}],"wp:term":[{"taxonomy":"category","embeddable":true,"href":"http:\/\/archiwum.radiopodlasie.pl\/NEW\/wp-json\/wp\/v2\/categories?post=28669"},{"taxonomy":"post_tag","embeddable":true,"href":"http:\/\/archiwum.radiopodlasie.pl\/NEW\/wp-json\/wp\/v2\/tags?post=28669"}],"curies":[{"name":"wp","href":"https:\/\/api.w.org\/{rel}","templated":true}]}}