{"id":28684,"date":"2025-10-21T20:15:00","date_gmt":"2025-10-21T18:15:00","guid":{"rendered":"http:\/\/archiwum.radiopodlasie.pl\/NEW\/?p=28684"},"modified":"2025-10-24T14:59:19","modified_gmt":"2025-10-24T12:59:19","slug":"rozmowa-z-markiem-zdanowskim-4","status":"publish","type":"post","link":"http:\/\/archiwum.radiopodlasie.pl\/NEW\/2025\/10\/21\/rozmowa-z-markiem-zdanowskim-4\/","title":{"rendered":"Rozmowa z Markiem Zdanowskim"},"content":{"rendered":"<p>Tytu\u0142: Rozmowa z Markiem Zdanowskim<\/p>\n<p>Autor: Grzegorz Skwarek<\/p>\n<p>Nazwa audycji: <strong><span style=\"color: #339966;\"> Rozmowa do\u015b\u0107 powa\u017cna<\/span><\/strong><br \/>Data emisji: 21-10-2025<\/p>\n<p>Go\u015bciem w dzisiejszej audycji Rozmowa do\u015b\u0107 powa\u017cna by\u0142 Marek Zdanowski &#8211; wsp\u00f3\u0142w\u0142a\u015bciciel firmy Wierzejki. Na audycj\u0119 zaprasza Grzegorz Skwarek.<\/p>\n\n\n<figure class=\"wp-block-audio\"><audio controls src=\"https:\/\/dzwieki.radiopodlasie.pl:8789\/uploads\/2025\/10\/251021_rozmowa_GS.mp3\"><\/audio><\/figure>\n","protected":false},"excerpt":{"rendered":"<p>Tytu\u0142: Rozmowa z Markiem Zdanowskim Autor: Grzegorz Skwarek Nazwa audycji: Rozmowa do\u015b\u0107 powa\u017cnaData emisji: 21-10-2025 Go\u015bciem w dzisiejszej audycji Rozmowa do\u015b\u0107 powa\u017cna by\u0142 Marek Zdanowski &#8211; wsp\u00f3\u0142w\u0142a\u015bciciel firmy Wierzejki. Na audycj\u0119 zaprasza Grzegorz Skwarek.<\/p>\n","protected":false},"author":123459,"featured_media":5962,"comment_status":"open","ping_status":"open","sticky":false,"template":"","format":"standard","meta":{"om_disable_all_campaigns":false,"_monsterinsights_skip_tracking":false,"_monsterinsights_sitenote_active":false,"_monsterinsights_sitenote_note":"","_monsterinsights_sitenote_category":0,"footnotes":""},"categories":[330],"tags":[207,208,4382],"class_list":["post-28684","post","type-post","status-publish","format-standard","has-post-thumbnail","hentry","category-rozmowa-dosc-powazna","tag-grzegorz-skwarek","tag-marek-zdanowski","tag-wierzejki"],"aioseo_notices":[],"_links":{"self":[{"href":"http:\/\/archiwum.radiopodlasie.pl\/NEW\/wp-json\/wp\/v2\/posts\/28684","targetHints":{"allow":["GET"]}}],"collection":[{"href":"http:\/\/archiwum.radiopodlasie.pl\/NEW\/wp-json\/wp\/v2\/posts"}],"about":[{"href":"http:\/\/archiwum.radiopodlasie.pl\/NEW\/wp-json\/wp\/v2\/types\/post"}],"author":[{"embeddable":true,"href":"http:\/\/archiwum.radiopodlasie.pl\/NEW\/wp-json\/wp\/v2\/users\/123459"}],"replies":[{"embeddable":true,"href":"http:\/\/archiwum.radiopodlasie.pl\/NEW\/wp-json\/wp\/v2\/comments?post=28684"}],"version-history":[{"count":2,"href":"http:\/\/archiwum.radiopodlasie.pl\/NEW\/wp-json\/wp\/v2\/posts\/28684\/revisions"}],"predecessor-version":[{"id":28686,"href":"http:\/\/archiwum.radiopodlasie.pl\/NEW\/wp-json\/wp\/v2\/posts\/28684\/revisions\/28686"}],"wp:featuredmedia":[{"embeddable":true,"href":"http:\/\/archiwum.radiopodlasie.pl\/NEW\/wp-json\/wp\/v2\/media\/5962"}],"wp:attachment":[{"href":"http:\/\/archiwum.radiopodlasie.pl\/NEW\/wp-json\/wp\/v2\/media?parent=28684"}],"wp:term":[{"taxonomy":"category","embeddable":true,"href":"http:\/\/archiwum.radiopodlasie.pl\/NEW\/wp-json\/wp\/v2\/categories?post=28684"},{"taxonomy":"post_tag","embeddable":true,"href":"http:\/\/archiwum.radiopodlasie.pl\/NEW\/wp-json\/wp\/v2\/tags?post=28684"}],"curies":[{"name":"wp","href":"https:\/\/api.w.org\/{rel}","templated":true}]}}