{"id":28689,"date":"2025-10-20T20:15:00","date_gmt":"2025-10-20T18:15:00","guid":{"rendered":"http:\/\/archiwum.radiopodlasie.pl\/NEW\/?p=28689"},"modified":"2025-10-24T15:53:05","modified_gmt":"2025-10-24T13:53:05","slug":"skad-biora-sie-ksieza","status":"publish","type":"post","link":"http:\/\/archiwum.radiopodlasie.pl\/NEW\/2025\/10\/20\/skad-biora-sie-ksieza\/","title":{"rendered":"Sk\u0105d bior\u0105 si\u0119 ksi\u0119\u017ca?"},"content":{"rendered":"<p>Tytu\u0142: <span class=\"x193iq5w xeuugli x13faqbe x1vvkbs x1xmvt09 x1lliihq x1s928wv xhkezso x1gmr53x x1cpjm7i x1fgarty x1943h6x xudqn12 x3x7a5m x6prxxf xvq8zen xo1l8bm xzsf02u x1yc453h\" dir=\"auto\">Sk\u0105d bior\u0105 si\u0119 ksi\u0119\u017ca?<\/span><\/p>\n<p>Autor: ks. Rafa\u0142 Pietruczuk<\/p>\n<p>Nazwa audycji: Drogami m\u0142odo\u015bci<br \/>Data emisji: 20-10-2025<\/p>\n<div dir=\"auto\">W ramach dzisiejszej audycji Drogami m\u0142odo\u015bci audycja <a href=\"https:\/\/www.facebook.com\/seminariumsiedlce\">Wy\u017cszego Seminarium Duchownego Diecezji Siedleckiej im. Jana Paw\u0142a II<\/a>. Tematem dzisiejszej audycji by\u0142o pytanie &#8222;Sk\u0105d si\u0119 bior\u0105 Ksi\u0119\u017ca?&#8221;<\/div>\n\n\n<figure class=\"wp-block-audio\"><audio controls src=\"https:\/\/dzwieki.radiopodlasie.pl:8789\/uploads\/2025\/10\/251020_drogami.mp3\"><\/audio><\/figure>\n","protected":false},"excerpt":{"rendered":"<p>Tytu\u0142: Sk\u0105d bior\u0105 si\u0119 ksi\u0119\u017ca? Autor: ks. Rafa\u0142 Pietruczuk Nazwa audycji: Drogami m\u0142odo\u015bciData emisji: 20-10-2025 W ramach dzisiejszej audycji Drogami m\u0142odo\u015bci audycja Wy\u017cszego Seminarium Duchownego Diecezji Siedleckiej im. Jana Paw\u0142a II. Tematem dzisiejszej audycji&#46;&#46;&#46;<\/p>\n","protected":false},"author":123459,"featured_media":6445,"comment_status":"open","ping_status":"open","sticky":false,"template":"","format":"standard","meta":{"om_disable_all_campaigns":false,"_monsterinsights_skip_tracking":false,"_monsterinsights_sitenote_active":false,"_monsterinsights_sitenote_note":"","_monsterinsights_sitenote_category":0,"footnotes":""},"categories":[328],"tags":[47,4383,1857],"class_list":["post-28689","post","type-post","status-publish","format-standard","has-post-thumbnail","hentry","category-drogami-mlodosci","tag-drogami-mlodosci","tag-ks-rafal-pietruczuk","tag-wsd"],"aioseo_notices":[],"_links":{"self":[{"href":"http:\/\/archiwum.radiopodlasie.pl\/NEW\/wp-json\/wp\/v2\/posts\/28689","targetHints":{"allow":["GET"]}}],"collection":[{"href":"http:\/\/archiwum.radiopodlasie.pl\/NEW\/wp-json\/wp\/v2\/posts"}],"about":[{"href":"http:\/\/archiwum.radiopodlasie.pl\/NEW\/wp-json\/wp\/v2\/types\/post"}],"author":[{"embeddable":true,"href":"http:\/\/archiwum.radiopodlasie.pl\/NEW\/wp-json\/wp\/v2\/users\/123459"}],"replies":[{"embeddable":true,"href":"http:\/\/archiwum.radiopodlasie.pl\/NEW\/wp-json\/wp\/v2\/comments?post=28689"}],"version-history":[{"count":3,"href":"http:\/\/archiwum.radiopodlasie.pl\/NEW\/wp-json\/wp\/v2\/posts\/28689\/revisions"}],"predecessor-version":[{"id":28708,"href":"http:\/\/archiwum.radiopodlasie.pl\/NEW\/wp-json\/wp\/v2\/posts\/28689\/revisions\/28708"}],"wp:featuredmedia":[{"embeddable":true,"href":"http:\/\/archiwum.radiopodlasie.pl\/NEW\/wp-json\/wp\/v2\/media\/6445"}],"wp:attachment":[{"href":"http:\/\/archiwum.radiopodlasie.pl\/NEW\/wp-json\/wp\/v2\/media?parent=28689"}],"wp:term":[{"taxonomy":"category","embeddable":true,"href":"http:\/\/archiwum.radiopodlasie.pl\/NEW\/wp-json\/wp\/v2\/categories?post=28689"},{"taxonomy":"post_tag","embeddable":true,"href":"http:\/\/archiwum.radiopodlasie.pl\/NEW\/wp-json\/wp\/v2\/tags?post=28689"}],"curies":[{"name":"wp","href":"https:\/\/api.w.org\/{rel}","templated":true}]}}