{"id":28696,"date":"2025-10-19T09:55:00","date_gmt":"2025-10-19T07:55:00","guid":{"rendered":"https:\/\/archiwum.radiopodlasie.pl\/NEW\/?p=28696"},"modified":"2025-10-24T14:41:51","modified_gmt":"2025-10-24T12:41:51","slug":"czytania-na-xxix-niedziele-zwykla-3","status":"publish","type":"post","link":"http:\/\/archiwum.radiopodlasie.pl\/NEW\/2025\/10\/19\/czytania-na-xxix-niedziele-zwykla-3\/","title":{"rendered":"Czytania na XXIX NIEDZIEL\u0118 ZWYK\u0141\u0104"},"content":{"rendered":"\n<p>Tytu\u0142<strong>: <\/strong> <strong>Czytania na<\/strong> <strong>XXIX NIEDZIEL\u0118 ZWYK\u0141\u0104<\/strong><\/p>\n\n\n\n<p>Autor: <strong>Joanna Kuczborska,<\/strong> ks. Kamil Duszek<\/p>\n\n\n\n<p><strong><span style=\"color: #339966\">Nazwa audycji: Katolik w \u015bwiecie &#8211; instrukcja obs\u0142ugi<\/span><\/strong><\/p>\n\n\n\n<p><\/p>\n\n\n\n<p>Data emisji: 19-10-2025 r.<\/p>\n\n\n\n<p>Wj 17,8-13 Ps 121 2 Tm 3,14-4,2 \u0141k 18,1-8<br>\u201e .. a\u017c do zachodu s\u0142o\u0144ca by\u0142y r\u0119ce jego stale wzniesione wysoko. I tak pokona\u0142 Jozue Amaleka i jego lud ostrzem miecza\u201d.<br>Pan ci\u0119 uchroni od z\u0142a wszelkiego, *<br>ochroni twoj\u0105 dusz\u0119.<br>Pan b\u0119dzie czuwa\u0142 nad twoim wyj\u015bciem i powrotem, *<br>teraz i po wszystkie czasy.<br>\u201eTrwaj w tym, czego si\u0119 nauczy\u0142e\u015b i co ci powierzono, bo wiesz, od kogo si\u0119 nauczy\u0142e\u015b. (\u2026) g\u0142o\u015b nauk\u0119, nastawaj w por\u0119 i nie w por\u0119, wykazuj b\u0142\u0105d, napominaj, podno\u015b na duchu z ca\u0142\u0105 cierpliwo\u015bci\u0105 w ka\u017cdym nauczaniu\u201d.<br>\u201e .. B\u00f3g, czy\u017c nie we\u017amie w obron\u0119 swoich wybranych, kt\u00f3rzy dniem i noc\u0105 wo\u0142aj\u0105 do Niego, i czy b\u0119dzie zwleka\u0142 w ich sprawie? Powiadam wam, \u017ce pr\u0119dko we\u017amie ich w obron\u0119. Czy jednak Syn Cz\u0142owieczy znajdzie wiar\u0119 na ziemi, gdy przyjdzie?\u00bb<\/p>\n\n\n\n<figure class=\"wp-block-audio\"><audio controls src=\"https:\/\/dzwieki.radiopodlasie.pl:8789\/uploads\/2025\/10\/251019_katolik_JK_xDuszek.mp3\"><\/audio><\/figure>\n","protected":false},"excerpt":{"rendered":"<p>Tytu\u0142: Czytania na XXIX NIEDZIEL\u0118 ZWYK\u0141\u0104 Autor: Joanna Kuczborska, ks. Kamil Duszek Nazwa audycji: Katolik w \u015bwiecie &#8211; instrukcja obs\u0142ugi Data emisji: 19-10-2025 r. Wj 17,8-13 Ps 121 2 Tm 3,14-4,2 \u0141k 18,1-8\u201e ..&#46;&#46;&#46;<\/p>\n","protected":false},"author":123459,"featured_media":5933,"comment_status":"open","ping_status":"open","sticky":false,"template":"","format":"standard","meta":{"om_disable_all_campaigns":false,"_monsterinsights_skip_tracking":false,"_monsterinsights_sitenote_active":false,"_monsterinsights_sitenote_note":"","_monsterinsights_sitenote_category":0,"footnotes":""},"categories":[1700],"tags":[1809,85],"class_list":["post-28696","post","type-post","status-publish","format-standard","has-post-thumbnail","hentry","category-katolik-w-swiecie-instrukcja-obslugi","tag-katolik","tag-niedziela"],"aioseo_notices":[],"_links":{"self":[{"href":"http:\/\/archiwum.radiopodlasie.pl\/NEW\/wp-json\/wp\/v2\/posts\/28696","targetHints":{"allow":["GET"]}}],"collection":[{"href":"http:\/\/archiwum.radiopodlasie.pl\/NEW\/wp-json\/wp\/v2\/posts"}],"about":[{"href":"http:\/\/archiwum.radiopodlasie.pl\/NEW\/wp-json\/wp\/v2\/types\/post"}],"author":[{"embeddable":true,"href":"http:\/\/archiwum.radiopodlasie.pl\/NEW\/wp-json\/wp\/v2\/users\/123459"}],"replies":[{"embeddable":true,"href":"http:\/\/archiwum.radiopodlasie.pl\/NEW\/wp-json\/wp\/v2\/comments?post=28696"}],"version-history":[{"count":1,"href":"http:\/\/archiwum.radiopodlasie.pl\/NEW\/wp-json\/wp\/v2\/posts\/28696\/revisions"}],"predecessor-version":[{"id":28697,"href":"http:\/\/archiwum.radiopodlasie.pl\/NEW\/wp-json\/wp\/v2\/posts\/28696\/revisions\/28697"}],"wp:featuredmedia":[{"embeddable":true,"href":"http:\/\/archiwum.radiopodlasie.pl\/NEW\/wp-json\/wp\/v2\/media\/5933"}],"wp:attachment":[{"href":"http:\/\/archiwum.radiopodlasie.pl\/NEW\/wp-json\/wp\/v2\/media?parent=28696"}],"wp:term":[{"taxonomy":"category","embeddable":true,"href":"http:\/\/archiwum.radiopodlasie.pl\/NEW\/wp-json\/wp\/v2\/categories?post=28696"},{"taxonomy":"post_tag","embeddable":true,"href":"http:\/\/archiwum.radiopodlasie.pl\/NEW\/wp-json\/wp\/v2\/tags?post=28696"}],"curies":[{"name":"wp","href":"https:\/\/api.w.org\/{rel}","templated":true}]}}