{"id":28698,"date":"2025-10-18T14:50:56","date_gmt":"2025-10-18T12:50:56","guid":{"rendered":"https:\/\/archiwum.radiopodlasie.pl\/NEW\/?p=28698"},"modified":"2025-10-24T14:52:06","modified_gmt":"2025-10-24T12:52:06","slug":"rozmowa-z-maciejem-swirskim-o-historii-jego-rodu","status":"publish","type":"post","link":"http:\/\/archiwum.radiopodlasie.pl\/NEW\/2025\/10\/18\/rozmowa-z-maciejem-swirskim-o-historii-jego-rodu\/","title":{"rendered":"Rozmowa z Maciejem \u015awirskim o historii jego rodu"},"content":{"rendered":"<p>Tytu\u0142<strong>: Rozmowa z Maciejem \u015awirskim o historii jego rodu<\/strong><\/p>\n<p>Autor: Adam Bia\u0142czak<\/p>\n<p>Nazwa audycji: <strong><span style=\"color: #339966;\">Wywiady, Kultura na fali<\/span><\/strong><br \/>Data emisji: 18-10-2025<\/p>\n<p>Stara kresowa szlachta, kt\u00f3ra skutecznie opar\u0142a si\u0119 rusyfikacji \u2013 takie s\u0105 rodzinne korzenie biskupa Ignacego \u015awirskiego, powojennego ordynariusza diecezji siedleckiej. Od kilku lat toczy si\u0119 jego proces beatyfikacyjny, kt\u00f3rego cz\u0119\u015bci\u0105 jest staranne prze\u015bwietlenie \u017cyciorysu kandydata. 17 pa\u017adziernika w Siedlcach wyniki swoich najnowszych bada\u0144 zaprezentowali naukowcy. A przys\u0142uchiwa\u0142 si\u0119 temu cz\u0142owiek znany z krajowej polityki, dla kt\u00f3rego biskup siedlecki by\u0142 stryjecznym dziadkiem. <br \/>Z Maciejem \u015awirskim, cz\u0142onkiem Krajowej Rady Radiofonii i Telewizji, o historii jego rodu rozmawia\u0142 Adam Bia\u0142czak.<\/p>\n\n\n<figure class=\"wp-block-image size-large\"><img loading=\"lazy\" decoding=\"async\" width=\"997\" height=\"1024\" src=\"https:\/\/archiwum.radiopodlasie.pl\/NEW\/wp-content\/uploads\/2025\/10\/ab_swirski-rozmowa-997x1024.jpg\" alt=\"\" class=\"wp-image-28700\" srcset=\"http:\/\/archiwum.radiopodlasie.pl\/NEW\/wp-content\/uploads\/2025\/10\/ab_swirski-rozmowa-997x1024.jpg 997w, http:\/\/archiwum.radiopodlasie.pl\/NEW\/wp-content\/uploads\/2025\/10\/ab_swirski-rozmowa-292x300.jpg 292w, http:\/\/archiwum.radiopodlasie.pl\/NEW\/wp-content\/uploads\/2025\/10\/ab_swirski-rozmowa-768x789.jpg 768w, http:\/\/archiwum.radiopodlasie.pl\/NEW\/wp-content\/uploads\/2025\/10\/ab_swirski-rozmowa.jpg 1168w\" sizes=\"auto, (max-width: 997px) 100vw, 997px\" \/><\/figure>\n\n\n\n<figure class=\"wp-block-audio\"><audio controls src=\"https:\/\/dzwieki.radiopodlasie.pl:8789\/uploads\/2025\/10\/251018_ab_swirski_rozmowa.mp3\"><\/audio><\/figure>\n","protected":false},"excerpt":{"rendered":"<p>Tytu\u0142: Rozmowa z Maciejem \u015awirskim o historii jego rodu Autor: Adam Bia\u0142czak Nazwa audycji: Wywiady, Kultura na faliData emisji: 18-10-2025 Stara kresowa szlachta, kt\u00f3ra skutecznie opar\u0142a si\u0119 rusyfikacji \u2013 takie s\u0105 rodzinne korzenie biskupa&#46;&#46;&#46;<\/p>\n","protected":false},"author":123459,"featured_media":6106,"comment_status":"open","ping_status":"open","sticky":false,"template":"","format":"standard","meta":{"om_disable_all_campaigns":false,"_monsterinsights_skip_tracking":false,"_monsterinsights_sitenote_active":false,"_monsterinsights_sitenote_note":"","_monsterinsights_sitenote_category":0,"footnotes":""},"categories":[366,2596,320],"tags":[493,4384],"class_list":["post-28698","post","type-post","status-publish","format-standard","has-post-thumbnail","hentry","category-adam-bialczak","category-kultura-na-fali","category-wywiady","tag-adam-bialczak","tag-maciej-swirski"],"aioseo_notices":[],"_links":{"self":[{"href":"http:\/\/archiwum.radiopodlasie.pl\/NEW\/wp-json\/wp\/v2\/posts\/28698","targetHints":{"allow":["GET"]}}],"collection":[{"href":"http:\/\/archiwum.radiopodlasie.pl\/NEW\/wp-json\/wp\/v2\/posts"}],"about":[{"href":"http:\/\/archiwum.radiopodlasie.pl\/NEW\/wp-json\/wp\/v2\/types\/post"}],"author":[{"embeddable":true,"href":"http:\/\/archiwum.radiopodlasie.pl\/NEW\/wp-json\/wp\/v2\/users\/123459"}],"replies":[{"embeddable":true,"href":"http:\/\/archiwum.radiopodlasie.pl\/NEW\/wp-json\/wp\/v2\/comments?post=28698"}],"version-history":[{"count":2,"href":"http:\/\/archiwum.radiopodlasie.pl\/NEW\/wp-json\/wp\/v2\/posts\/28698\/revisions"}],"predecessor-version":[{"id":28701,"href":"http:\/\/archiwum.radiopodlasie.pl\/NEW\/wp-json\/wp\/v2\/posts\/28698\/revisions\/28701"}],"wp:featuredmedia":[{"embeddable":true,"href":"http:\/\/archiwum.radiopodlasie.pl\/NEW\/wp-json\/wp\/v2\/media\/6106"}],"wp:attachment":[{"href":"http:\/\/archiwum.radiopodlasie.pl\/NEW\/wp-json\/wp\/v2\/media?parent=28698"}],"wp:term":[{"taxonomy":"category","embeddable":true,"href":"http:\/\/archiwum.radiopodlasie.pl\/NEW\/wp-json\/wp\/v2\/categories?post=28698"},{"taxonomy":"post_tag","embeddable":true,"href":"http:\/\/archiwum.radiopodlasie.pl\/NEW\/wp-json\/wp\/v2\/tags?post=28698"}],"curies":[{"name":"wp","href":"https:\/\/api.w.org\/{rel}","templated":true}]}}