{"id":28709,"date":"2025-10-20T17:11:00","date_gmt":"2025-10-20T15:11:00","guid":{"rendered":"https:\/\/archiwum.radiopodlasie.pl\/NEW\/?p=28709"},"modified":"2025-10-24T16:12:27","modified_gmt":"2025-10-24T14:12:27","slug":"aleksandra-oleksiuk-swiecka-misjonarka-opowiadala-o-swoich-doswiadczeniach-misyjnych","status":"publish","type":"post","link":"http:\/\/archiwum.radiopodlasie.pl\/NEW\/2025\/10\/20\/aleksandra-oleksiuk-swiecka-misjonarka-opowiadala-o-swoich-doswiadczeniach-misyjnych\/","title":{"rendered":"Aleksandra Oleksiuk, \u015bwiecka misjonarka opowiada\u0142a o swoich do\u015bwiadczeniach misyjnych"},"content":{"rendered":"<p>Tytu\u0142<strong>: Aleksandra Oleksiuk, \u015bwiecka misjonarka opowiada\u0142a o swoich do\u015bwiadczeniach misyjnych<\/strong><\/p>\n<p>Autor: Agnieszka Bolewska-Iwaniuk<\/p>\n<p>Nazwa audycji: <strong><span style=\"color: #339966;\">Wywiady<\/span><\/strong><br \/>Data emisji: 20-10-2025<\/p>\n<p>O misjach, misjonarzach i krajach misyjnych przypomina trwaj\u0105cy w Ko\u015bciele &#8211; Tydzie\u0144 Misyjny. My tak\u017ce na naszej antenie b\u0119dziemy pa\u0144stwu opowiada\u0107 o misjach.<br \/>Dzi\u015b naszym go\u015bciem jest pochodz\u0105ca z Siemiatycz, Aleksandra Oleksiuk, kt\u00f3ra jako \u015bwiecka misjonarka sp\u0119dzi\u0142a 5 miesi\u0119cy w Zambii. O swoich do\u015bwiadczeniach misyjnych opowiedzia\u0142a Agnieszce Bolewskiej-Iwaniuk.<\/p>\n\n\n<figure class=\"wp-block-image size-full\"><img loading=\"lazy\" decoding=\"async\" width=\"1024\" height=\"768\" src=\"https:\/\/archiwum.radiopodlasie.pl\/NEW\/wp-content\/uploads\/2025\/10\/HqtFeIw.jpg\" alt=\"\" class=\"wp-image-28711\" srcset=\"http:\/\/archiwum.radiopodlasie.pl\/NEW\/wp-content\/uploads\/2025\/10\/HqtFeIw.jpg 1024w, http:\/\/archiwum.radiopodlasie.pl\/NEW\/wp-content\/uploads\/2025\/10\/HqtFeIw-300x225.jpg 300w, http:\/\/archiwum.radiopodlasie.pl\/NEW\/wp-content\/uploads\/2025\/10\/HqtFeIw-768x576.jpg 768w\" sizes=\"auto, (max-width: 1024px) 100vw, 1024px\" \/><\/figure>\n\n\n\n<figure class=\"wp-block-audio\"><audio controls src=\"https:\/\/dzwieki.radiopodlasie.pl:8789\/uploads\/2025\/10\/251020_abol_20_OlaOleksiuk_PP.mp3\"><\/audio><\/figure>\n\n\n\n<p><\/p>\n","protected":false},"excerpt":{"rendered":"<p>Tytu\u0142: Aleksandra Oleksiuk, \u015bwiecka misjonarka opowiada\u0142a o swoich do\u015bwiadczeniach misyjnych Autor: Agnieszka Bolewska-Iwaniuk Nazwa audycji: WywiadyData emisji: 20-10-2025 O misjach, misjonarzach i krajach misyjnych przypomina trwaj\u0105cy w Ko\u015bciele &#8211; Tydzie\u0144 Misyjny. My tak\u017ce na&#46;&#46;&#46;<\/p>\n","protected":false},"author":123459,"featured_media":6100,"comment_status":"open","ping_status":"open","sticky":false,"template":"","format":"standard","meta":{"om_disable_all_campaigns":false,"_monsterinsights_skip_tracking":false,"_monsterinsights_sitenote_active":false,"_monsterinsights_sitenote_note":"","_monsterinsights_sitenote_category":0,"footnotes":""},"categories":[360,320],"tags":[201,4386,806],"class_list":["post-28709","post","type-post","status-publish","format-standard","has-post-thumbnail","hentry","category-agnieszka-bolewska-iwaniuk","category-wywiady","tag-agnieszka-bolewska-iwaniuk","tag-aleksandra-oleksiuk","tag-misje"],"aioseo_notices":[],"_links":{"self":[{"href":"http:\/\/archiwum.radiopodlasie.pl\/NEW\/wp-json\/wp\/v2\/posts\/28709","targetHints":{"allow":["GET"]}}],"collection":[{"href":"http:\/\/archiwum.radiopodlasie.pl\/NEW\/wp-json\/wp\/v2\/posts"}],"about":[{"href":"http:\/\/archiwum.radiopodlasie.pl\/NEW\/wp-json\/wp\/v2\/types\/post"}],"author":[{"embeddable":true,"href":"http:\/\/archiwum.radiopodlasie.pl\/NEW\/wp-json\/wp\/v2\/users\/123459"}],"replies":[{"embeddable":true,"href":"http:\/\/archiwum.radiopodlasie.pl\/NEW\/wp-json\/wp\/v2\/comments?post=28709"}],"version-history":[{"count":2,"href":"http:\/\/archiwum.radiopodlasie.pl\/NEW\/wp-json\/wp\/v2\/posts\/28709\/revisions"}],"predecessor-version":[{"id":28712,"href":"http:\/\/archiwum.radiopodlasie.pl\/NEW\/wp-json\/wp\/v2\/posts\/28709\/revisions\/28712"}],"wp:featuredmedia":[{"embeddable":true,"href":"http:\/\/archiwum.radiopodlasie.pl\/NEW\/wp-json\/wp\/v2\/media\/6100"}],"wp:attachment":[{"href":"http:\/\/archiwum.radiopodlasie.pl\/NEW\/wp-json\/wp\/v2\/media?parent=28709"}],"wp:term":[{"taxonomy":"category","embeddable":true,"href":"http:\/\/archiwum.radiopodlasie.pl\/NEW\/wp-json\/wp\/v2\/categories?post=28709"},{"taxonomy":"post_tag","embeddable":true,"href":"http:\/\/archiwum.radiopodlasie.pl\/NEW\/wp-json\/wp\/v2\/tags?post=28709"}],"curies":[{"name":"wp","href":"https:\/\/api.w.org\/{rel}","templated":true}]}}