{"id":28713,"date":"2025-10-22T16:41:48","date_gmt":"2025-10-22T14:41:48","guid":{"rendered":"https:\/\/archiwum.radiopodlasie.pl\/NEW\/?p=28713"},"modified":"2025-10-24T16:42:33","modified_gmt":"2025-10-24T14:42:33","slug":"jesienny-konkurs-plastyczny-pt-ludzik-z-darow-jesieni-patronat","status":"publish","type":"post","link":"http:\/\/archiwum.radiopodlasie.pl\/NEW\/2025\/10\/22\/jesienny-konkurs-plastyczny-pt-ludzik-z-darow-jesieni-patronat\/","title":{"rendered":"Jesienny konkurs plastyczny pt. \u201eLudzik z dar\u00f3w Jesieni\u201d (patronat)"},"content":{"rendered":"<p>Tytu\u0142: Jesienny konkurs plastyczny pt. \u201eLudzik z dar\u00f3w Jesieni\u201d (patronat)<\/p>\n<p>Autor: Katarzyna Chaci\u0144ska<\/p>\n<p>Nazwa audycji: <strong><span style=\"color: #339966;\">Wywiady<\/span><\/strong><br \/>Data emisji: 22-10-2025<\/p>\n<p>Niepubliczne Przedszkole Smerfna Chata z oddzia\u0142ami integracyjnymi w Siedlcach w tym roku jest organizatorem kreatywnego konkursu pod has\u0142em \u201eLudzik z dar\u00f3w jesieni\u201d.<\/p>\n<p>Celem inicjatywy jest m.in. rozwijanie kreatywno\u015bci i wyobra\u017ani dzieci oraz promowanie wykorzystania dar\u00f3w jesieni w pracach przestrzennych. Uczestnicy konkursu stan\u0105 przed wyzwaniem wykonania dowolnej wielko\u015bci ludzika z wykorzystaniem naturalnych materia\u0142\u00f3w przyrodniczych.<\/p>\n<p>Katarzyna Chaci\u0144ska rozmawia\u0142a z Ann\u0105 Mateuszak, dyrektor ds. pedagogicznych w Niepublicznym Przedszkolu \u201eSmerfna Chata\u201d.<\/p>\n\n\n<figure class=\"wp-block-audio\"><audio controls src=\"https:\/\/dzwieki.radiopodlasie.pl:8789\/uploads\/2025\/10\/251022_kch_22_patronat_przedszkole.mp3\"><\/audio><\/figure>\n\n\n\n<p>Szczeg\u00f3\u0142y konkursu na stronie organizatora. Patronem medialnym wydarzenia jest Katolickie Radio Podlasie i portal Podlasie24.pl<\/p>\n","protected":false},"excerpt":{"rendered":"<p>Tytu\u0142: Jesienny konkurs plastyczny pt. \u201eLudzik z dar\u00f3w Jesieni\u201d (patronat) Autor: Katarzyna Chaci\u0144ska Nazwa audycji: WywiadyData emisji: 22-10-2025 Niepubliczne Przedszkole Smerfna Chata z oddzia\u0142ami integracyjnymi w Siedlcach w tym roku jest organizatorem kreatywnego konkursu&#46;&#46;&#46;<\/p>\n","protected":false},"author":123459,"featured_media":5184,"comment_status":"open","ping_status":"open","sticky":false,"template":"","format":"standard","meta":{"om_disable_all_campaigns":false,"_monsterinsights_skip_tracking":false,"_monsterinsights_sitenote_active":false,"_monsterinsights_sitenote_note":"","_monsterinsights_sitenote_category":0,"footnotes":""},"categories":[3528,320],"tags":[4387,3712,4388],"class_list":["post-28713","post","type-post","status-publish","format-standard","has-post-thumbnail","hentry","category-katarzyna-chacinska","category-wywiady","tag-anna-mateuszak","tag-katarzyna-chacinska","tag-smerfna-chata"],"aioseo_notices":[],"_links":{"self":[{"href":"http:\/\/archiwum.radiopodlasie.pl\/NEW\/wp-json\/wp\/v2\/posts\/28713","targetHints":{"allow":["GET"]}}],"collection":[{"href":"http:\/\/archiwum.radiopodlasie.pl\/NEW\/wp-json\/wp\/v2\/posts"}],"about":[{"href":"http:\/\/archiwum.radiopodlasie.pl\/NEW\/wp-json\/wp\/v2\/types\/post"}],"author":[{"embeddable":true,"href":"http:\/\/archiwum.radiopodlasie.pl\/NEW\/wp-json\/wp\/v2\/users\/123459"}],"replies":[{"embeddable":true,"href":"http:\/\/archiwum.radiopodlasie.pl\/NEW\/wp-json\/wp\/v2\/comments?post=28713"}],"version-history":[{"count":2,"href":"http:\/\/archiwum.radiopodlasie.pl\/NEW\/wp-json\/wp\/v2\/posts\/28713\/revisions"}],"predecessor-version":[{"id":28715,"href":"http:\/\/archiwum.radiopodlasie.pl\/NEW\/wp-json\/wp\/v2\/posts\/28713\/revisions\/28715"}],"wp:featuredmedia":[{"embeddable":true,"href":"http:\/\/archiwum.radiopodlasie.pl\/NEW\/wp-json\/wp\/v2\/media\/5184"}],"wp:attachment":[{"href":"http:\/\/archiwum.radiopodlasie.pl\/NEW\/wp-json\/wp\/v2\/media?parent=28713"}],"wp:term":[{"taxonomy":"category","embeddable":true,"href":"http:\/\/archiwum.radiopodlasie.pl\/NEW\/wp-json\/wp\/v2\/categories?post=28713"},{"taxonomy":"post_tag","embeddable":true,"href":"http:\/\/archiwum.radiopodlasie.pl\/NEW\/wp-json\/wp\/v2\/tags?post=28713"}],"curies":[{"name":"wp","href":"https:\/\/api.w.org\/{rel}","templated":true}]}}