{"id":28716,"date":"2025-10-22T16:55:00","date_gmt":"2025-10-22T14:55:00","guid":{"rendered":"https:\/\/archiwum.radiopodlasie.pl\/NEW\/?p=28716"},"modified":"2025-10-24T16:48:18","modified_gmt":"2025-10-24T14:48:18","slug":"stawiajmy-na-bezpieczenstwo-na-drodze-jesienia","status":"publish","type":"post","link":"http:\/\/archiwum.radiopodlasie.pl\/NEW\/2025\/10\/22\/stawiajmy-na-bezpieczenstwo-na-drodze-jesienia\/","title":{"rendered":"Stawiajmy na bezpiecze\u0144stwo na drodze jesieni\u0105"},"content":{"rendered":"<p>Tytu\u0142: Stawiajmy na bezpiecze\u0144stwo na drodze jesieni\u0105<\/p>\n<p>Autor: Katarzyna Chaci\u0144ska<\/p>\n<p>Nazwa audycji: <strong><span style=\"color: #339966;\">Wywiady<\/span><\/strong><br \/>Data emisji: 22-10-2025<\/p>\n<p>Jesie\u0144 to pora roku, kt\u00f3ra niesie ze sob\u0105 nie tylko malownicze krajobrazy, ale r\u00f3wnie\u017c szereg wyzwa\u0144 dla uczestnik\u00f3w ruchu drogowego. Zmienna pogoda, szybko zapadaj\u0105cy zmrok, opady deszczu, mg\u0142y oraz poranne przymrozki sprawiaj\u0105, \u017ce warunki na drogach staj\u0105 si\u0119 nieprzewidywalne i wymagaj\u0105 szczeg\u00f3lnej uwagi zar\u00f3wno od kierowc\u00f3w, jak i pieszych.<\/p>\n<p>Katarzyna Chaci\u0144ska rozmawia\u0142a z Komisarz Ewelin\u0105 Radomysk\u0105, Oficerem Prasowym z Komendy Miejskiej Policji w Siedlcach o kluczowych aspektach zapewniaj\u0105cych nasze bezpiecze\u0144stwo na drodze.<\/p>\n\n\n<figure class=\"wp-block-audio\"><audio controls src=\"https:\/\/dzwieki.radiopodlasie.pl:8789\/uploads\/2025\/10\/251022_kch_22_policja_bezpieczenstwo.mp3\"><\/audio><\/figure>\n\n\n\n<p>Pami\u0119tajmy, \u017ce bezpiecze\u0144stwo na drodze to wsp\u00f3lna odpowiedzialno\u015b\u0107. Przestrzegaj\u0105c zasad ruchu drogowego i dostosowuj\u0105c nasze zachowanie do warunk\u00f3w atmosferycznych, mo\u017cemy wp\u0142yn\u0105\u0107 na zmniejszenie liczby wypadk\u00f3w i popraw\u0119 komfortu wszystkich uczestnik\u00f3w ruchu.<\/p>\n","protected":false},"excerpt":{"rendered":"<p>Tytu\u0142: Stawiajmy na bezpiecze\u0144stwo na drodze jesieni\u0105 Autor: Katarzyna Chaci\u0144ska Nazwa audycji: WywiadyData emisji: 22-10-2025 Jesie\u0144 to pora roku, kt\u00f3ra niesie ze sob\u0105 nie tylko malownicze krajobrazy, ale r\u00f3wnie\u017c szereg wyzwa\u0144 dla uczestnik\u00f3w ruchu&#46;&#46;&#46;<\/p>\n","protected":false},"author":123459,"featured_media":5184,"comment_status":"open","ping_status":"open","sticky":false,"template":"","format":"standard","meta":{"om_disable_all_campaigns":false,"_monsterinsights_skip_tracking":false,"_monsterinsights_sitenote_active":false,"_monsterinsights_sitenote_note":"","_monsterinsights_sitenote_category":0,"footnotes":""},"categories":[3528,320],"tags":[4390,4389,3712],"class_list":["post-28716","post","type-post","status-publish","format-standard","has-post-thumbnail","hentry","category-katarzyna-chacinska","category-wywiady","tag-bezpieczenstwo-na-drodze","tag-ewelina-radomyska","tag-katarzyna-chacinska"],"aioseo_notices":[],"_links":{"self":[{"href":"http:\/\/archiwum.radiopodlasie.pl\/NEW\/wp-json\/wp\/v2\/posts\/28716","targetHints":{"allow":["GET"]}}],"collection":[{"href":"http:\/\/archiwum.radiopodlasie.pl\/NEW\/wp-json\/wp\/v2\/posts"}],"about":[{"href":"http:\/\/archiwum.radiopodlasie.pl\/NEW\/wp-json\/wp\/v2\/types\/post"}],"author":[{"embeddable":true,"href":"http:\/\/archiwum.radiopodlasie.pl\/NEW\/wp-json\/wp\/v2\/users\/123459"}],"replies":[{"embeddable":true,"href":"http:\/\/archiwum.radiopodlasie.pl\/NEW\/wp-json\/wp\/v2\/comments?post=28716"}],"version-history":[{"count":2,"href":"http:\/\/archiwum.radiopodlasie.pl\/NEW\/wp-json\/wp\/v2\/posts\/28716\/revisions"}],"predecessor-version":[{"id":28718,"href":"http:\/\/archiwum.radiopodlasie.pl\/NEW\/wp-json\/wp\/v2\/posts\/28716\/revisions\/28718"}],"wp:featuredmedia":[{"embeddable":true,"href":"http:\/\/archiwum.radiopodlasie.pl\/NEW\/wp-json\/wp\/v2\/media\/5184"}],"wp:attachment":[{"href":"http:\/\/archiwum.radiopodlasie.pl\/NEW\/wp-json\/wp\/v2\/media?parent=28716"}],"wp:term":[{"taxonomy":"category","embeddable":true,"href":"http:\/\/archiwum.radiopodlasie.pl\/NEW\/wp-json\/wp\/v2\/categories?post=28716"},{"taxonomy":"post_tag","embeddable":true,"href":"http:\/\/archiwum.radiopodlasie.pl\/NEW\/wp-json\/wp\/v2\/tags?post=28716"}],"curies":[{"name":"wp","href":"https:\/\/api.w.org\/{rel}","templated":true}]}}