{"id":28732,"date":"2025-10-22T18:01:59","date_gmt":"2025-10-22T16:01:59","guid":{"rendered":"https:\/\/archiwum.radiopodlasie.pl\/NEW\/?p=28732"},"modified":"2025-10-24T18:04:07","modified_gmt":"2025-10-24T16:04:07","slug":"przebudowa-przyszkolnego-boiska-w-perlejewie","status":"publish","type":"post","link":"http:\/\/archiwum.radiopodlasie.pl\/NEW\/2025\/10\/22\/przebudowa-przyszkolnego-boiska-w-perlejewie\/","title":{"rendered":"Przebudowa przyszkolnego boiska w Perlejewie"},"content":{"rendered":"<p>Tytu\u0142<strong>: Przebudowa przyszkolnego boiska w Perlejewie<\/strong><\/p>\n<p>Autor: Agnieszka Bolewska-Iwaniuk<\/p>\n<p>Nazwa audycji: <strong><span style=\"color: #339966;\">Wywiady<\/span><\/strong><br \/>Data emisji: 22-10-2025<\/p>\n<p>Zadaniem szko\u0142y jest nie tylko uczy\u0107. Szko\u0142a ma te\u017c tworzy\u0107 \u015brodowisko, w kt\u00f3rej uczniowie mog\u0105 rozwija\u0107 swoje pasje, ma inspirowa\u0107 i zach\u0119ca\u0107. W\u015br\u00f3d wielu przedmiot\u00f3w szkolnych, wychowanie fizyczne to tak\u017ce przestrze\u0144 do realizacji pasji i marze\u0144. Dobrze o tym wiedz\u0105 w Szkole Podstawowej w Perlejewie, gdzie ju\u017c od najm\u0142odszych lat, uczniowie mog\u0105 rozwija\u0107 swoje sportowe talenty. <br \/>W ostatnim czasie gruntownie przebudowano przyszkolne boisko. Szybko okaza\u0142o si\u0119, jak potrzebna by\u0142a to inwestycja. Na murawie mo\u017cna spotka\u0107 mi\u0142o\u015bnik\u00f3w sportu w dzie\u0144, a dzi\u0119ki sztucznemu o\u015bwietleniu, tak\u017ce wieczorowa por\u0105. <br \/>Jak to jest z tym sportem w Perlejewie, sprawdza\u0142a Agnieszka Bolewska-Iwaniuk.<\/p>\n\n\n<figure class=\"wp-block-image size-large\"><img loading=\"lazy\" decoding=\"async\" width=\"1024\" height=\"683\" src=\"https:\/\/archiwum.radiopodlasie.pl\/NEW\/wp-content\/uploads\/2025\/10\/5Mae-EC8-1024x683.jpg\" alt=\"\" class=\"wp-image-28735\" srcset=\"http:\/\/archiwum.radiopodlasie.pl\/NEW\/wp-content\/uploads\/2025\/10\/5Mae-EC8-1024x683.jpg 1024w, http:\/\/archiwum.radiopodlasie.pl\/NEW\/wp-content\/uploads\/2025\/10\/5Mae-EC8-300x200.jpg 300w, http:\/\/archiwum.radiopodlasie.pl\/NEW\/wp-content\/uploads\/2025\/10\/5Mae-EC8-768x512.jpg 768w, http:\/\/archiwum.radiopodlasie.pl\/NEW\/wp-content\/uploads\/2025\/10\/5Mae-EC8-1536x1024.jpg 1536w, http:\/\/archiwum.radiopodlasie.pl\/NEW\/wp-content\/uploads\/2025\/10\/5Mae-EC8.jpg 2048w\" sizes=\"auto, (max-width: 1024px) 100vw, 1024px\" \/><\/figure>\n\n\n\n<figure class=\"wp-block-audio\"><audio controls src=\"https:\/\/dzwieki.radiopodlasie.pl:8789\/uploads\/2025\/10\/251022_abol_22_perlejewo_PP.mp3\"><\/audio><\/figure>\n\n\n\n<p><\/p>\n","protected":false},"excerpt":{"rendered":"<p>Tytu\u0142: Przebudowa przyszkolnego boiska w Perlejewie Autor: Agnieszka Bolewska-Iwaniuk Nazwa audycji: WywiadyData emisji: 22-10-2025 Zadaniem szko\u0142y jest nie tylko uczy\u0107. Szko\u0142a ma te\u017c tworzy\u0107 \u015brodowisko, w kt\u00f3rej uczniowie mog\u0105 rozwija\u0107 swoje pasje, ma inspirowa\u0107&#46;&#46;&#46;<\/p>\n","protected":false},"author":123459,"featured_media":6100,"comment_status":"open","ping_status":"open","sticky":false,"template":"","format":"standard","meta":{"om_disable_all_campaigns":false,"_monsterinsights_skip_tracking":false,"_monsterinsights_sitenote_active":false,"_monsterinsights_sitenote_note":"","_monsterinsights_sitenote_category":0,"footnotes":""},"categories":[360,320],"tags":[201,2107],"class_list":["post-28732","post","type-post","status-publish","format-standard","has-post-thumbnail","hentry","category-agnieszka-bolewska-iwaniuk","category-wywiady","tag-agnieszka-bolewska-iwaniuk","tag-perlejewo"],"aioseo_notices":[],"_links":{"self":[{"href":"http:\/\/archiwum.radiopodlasie.pl\/NEW\/wp-json\/wp\/v2\/posts\/28732","targetHints":{"allow":["GET"]}}],"collection":[{"href":"http:\/\/archiwum.radiopodlasie.pl\/NEW\/wp-json\/wp\/v2\/posts"}],"about":[{"href":"http:\/\/archiwum.radiopodlasie.pl\/NEW\/wp-json\/wp\/v2\/types\/post"}],"author":[{"embeddable":true,"href":"http:\/\/archiwum.radiopodlasie.pl\/NEW\/wp-json\/wp\/v2\/users\/123459"}],"replies":[{"embeddable":true,"href":"http:\/\/archiwum.radiopodlasie.pl\/NEW\/wp-json\/wp\/v2\/comments?post=28732"}],"version-history":[{"count":3,"href":"http:\/\/archiwum.radiopodlasie.pl\/NEW\/wp-json\/wp\/v2\/posts\/28732\/revisions"}],"predecessor-version":[{"id":28736,"href":"http:\/\/archiwum.radiopodlasie.pl\/NEW\/wp-json\/wp\/v2\/posts\/28732\/revisions\/28736"}],"wp:featuredmedia":[{"embeddable":true,"href":"http:\/\/archiwum.radiopodlasie.pl\/NEW\/wp-json\/wp\/v2\/media\/6100"}],"wp:attachment":[{"href":"http:\/\/archiwum.radiopodlasie.pl\/NEW\/wp-json\/wp\/v2\/media?parent=28732"}],"wp:term":[{"taxonomy":"category","embeddable":true,"href":"http:\/\/archiwum.radiopodlasie.pl\/NEW\/wp-json\/wp\/v2\/categories?post=28732"},{"taxonomy":"post_tag","embeddable":true,"href":"http:\/\/archiwum.radiopodlasie.pl\/NEW\/wp-json\/wp\/v2\/tags?post=28732"}],"curies":[{"name":"wp","href":"https:\/\/api.w.org\/{rel}","templated":true}]}}