{"id":28737,"date":"2025-10-24T12:35:00","date_gmt":"2025-10-24T10:35:00","guid":{"rendered":"https:\/\/archiwum.radiopodlasie.pl\/NEW\/?p=28737"},"modified":"2025-10-24T18:12:19","modified_gmt":"2025-10-24T16:12:19","slug":"bioetyka-w-codziennosci-katecheza-z-24-pazdziernika-2025","status":"publish","type":"post","link":"http:\/\/archiwum.radiopodlasie.pl\/NEW\/2025\/10\/24\/bioetyka-w-codziennosci-katecheza-z-24-pazdziernika-2025\/","title":{"rendered":"Bioetyka w codzienno\u015bci &#8211; katecheza z 24 pa\u017adziernika 2025"},"content":{"rendered":"\n<p>Tytu\u0142<strong>: <\/strong> Bioetyka w codzienno\u015bci &#8211; katecheza z 24 pa\u017adziernika 2025<\/p>\n\n\n\n<p>Autor: ks. Jacek Rosa<\/p>\n\n\n\n<p>Nazwa audycji: Katechezy &#8211; Bioetyka w codzienno\u015bci<\/p>\n\n\n\n<p>Data emisji: 24-10-2025 r.<\/p>\n\n\n\n<p><\/p>\n\n\n\n<p>Bioetyka w codzienno\u015bci &#8211; zagadnienia bioetyczne omawia ks. Jacek Rosa.<\/p>\n\n\n\n<figure class=\"wp-block-audio\"><audio controls src=\"https:\/\/dzwieki.radiopodlasie.pl:8789\/uploads\/2025\/10\/251024_katecheza_rosa_cz6.mp3\"><\/audio><\/figure>\n","protected":false},"excerpt":{"rendered":"<p>Tytu\u0142: Bioetyka w codzienno\u015bci &#8211; katecheza z 24 pa\u017adziernika 2025 Autor: ks. Jacek Rosa Nazwa audycji: Katechezy &#8211; Bioetyka w codzienno\u015bci Data emisji: 24-10-2025 r. Bioetyka w codzienno\u015bci &#8211; zagadnienia bioetyczne omawia ks. Jacek&#46;&#46;&#46;<\/p>\n","protected":false},"author":123459,"featured_media":5184,"comment_status":"open","ping_status":"open","sticky":false,"template":"","format":"standard","meta":{"om_disable_all_campaigns":false,"_monsterinsights_skip_tracking":false,"_monsterinsights_sitenote_active":false,"_monsterinsights_sitenote_note":"","_monsterinsights_sitenote_category":0,"footnotes":""},"categories":[4335,335],"tags":[4337,540,4336],"class_list":["post-28737","post","type-post","status-publish","format-standard","has-post-thumbnail","hentry","category-bioetyka-w-codziennosci","category-katechezy","tag-bioetyka-w-codziennosci","tag-katecheza","tag-ks-jacek-rosa"],"aioseo_notices":[],"_links":{"self":[{"href":"http:\/\/archiwum.radiopodlasie.pl\/NEW\/wp-json\/wp\/v2\/posts\/28737","targetHints":{"allow":["GET"]}}],"collection":[{"href":"http:\/\/archiwum.radiopodlasie.pl\/NEW\/wp-json\/wp\/v2\/posts"}],"about":[{"href":"http:\/\/archiwum.radiopodlasie.pl\/NEW\/wp-json\/wp\/v2\/types\/post"}],"author":[{"embeddable":true,"href":"http:\/\/archiwum.radiopodlasie.pl\/NEW\/wp-json\/wp\/v2\/users\/123459"}],"replies":[{"embeddable":true,"href":"http:\/\/archiwum.radiopodlasie.pl\/NEW\/wp-json\/wp\/v2\/comments?post=28737"}],"version-history":[{"count":2,"href":"http:\/\/archiwum.radiopodlasie.pl\/NEW\/wp-json\/wp\/v2\/posts\/28737\/revisions"}],"predecessor-version":[{"id":28739,"href":"http:\/\/archiwum.radiopodlasie.pl\/NEW\/wp-json\/wp\/v2\/posts\/28737\/revisions\/28739"}],"wp:featuredmedia":[{"embeddable":true,"href":"http:\/\/archiwum.radiopodlasie.pl\/NEW\/wp-json\/wp\/v2\/media\/5184"}],"wp:attachment":[{"href":"http:\/\/archiwum.radiopodlasie.pl\/NEW\/wp-json\/wp\/v2\/media?parent=28737"}],"wp:term":[{"taxonomy":"category","embeddable":true,"href":"http:\/\/archiwum.radiopodlasie.pl\/NEW\/wp-json\/wp\/v2\/categories?post=28737"},{"taxonomy":"post_tag","embeddable":true,"href":"http:\/\/archiwum.radiopodlasie.pl\/NEW\/wp-json\/wp\/v2\/tags?post=28737"}],"curies":[{"name":"wp","href":"https:\/\/api.w.org\/{rel}","templated":true}]}}