{"id":28746,"date":"2025-10-22T23:06:00","date_gmt":"2025-10-22T21:06:00","guid":{"rendered":"https:\/\/archiwum.radiopodlasie.pl\/NEW\/?p=28746"},"modified":"2025-10-24T20:07:12","modified_gmt":"2025-10-24T18:07:12","slug":"rozmowa-z-misjonarzami-werbistami-ojcem-dariuszem-pielakiem-i-ojcem-emilem-kalka-cz-2","status":"publish","type":"post","link":"http:\/\/archiwum.radiopodlasie.pl\/NEW\/2025\/10\/22\/rozmowa-z-misjonarzami-werbistami-ojcem-dariuszem-pielakiem-i-ojcem-emilem-kalka-cz-2\/","title":{"rendered":"Rozmowa z misjonarzami werbistami &#8211; ojcem Dariuszem Pielakiem i ojcem Emilem Ka\u0142k\u0105. Cz. 2"},"content":{"rendered":"<p>Tytu\u0142<strong>: Rozmowa z misjonarzami werbistami &#8211; ojcem Dariuszem Pielakiem i ojcem Emilem Ka\u0142k\u0105. Cz. 2<\/strong><\/p>\n<p>Autor: Joanna Kuczborska<\/p>\n<p>Nazwa audycji: <strong><span style=\"color: #339966;\">Wywiady<\/span><\/strong><br \/>Data emisji: 22-10-2025<\/p>\n<p>W trwaj\u0105cym w Ko\u015bciele Tygodniu Misyjnym, na naszej antenie go\u015bcimy misjonarzy werbist\u00f3w &#8211; ojca Dariusza Pielaka i ojca Emila Ka\u0142k\u0119.<\/p>\n\n\n<figure class=\"wp-block-audio\"><audio controls src=\"https:\/\/dzwieki.radiopodlasie.pl:8789\/uploads\/2025\/10\/251022_jk_werbisci_cz2.mp3\"><\/audio><\/figure>\n","protected":false},"excerpt":{"rendered":"<p>Tytu\u0142: Rozmowa z misjonarzami werbistami &#8211; ojcem Dariuszem Pielakiem i ojcem Emilem Ka\u0142k\u0105. Cz. 2 Autor: Joanna Kuczborska Nazwa audycji: WywiadyData emisji: 22-10-2025 W trwaj\u0105cym w Ko\u015bciele Tygodniu Misyjnym, na naszej antenie go\u015bcimy misjonarzy&#46;&#46;&#46;<\/p>\n","protected":false},"author":123459,"featured_media":6168,"comment_status":"open","ping_status":"open","sticky":false,"template":"","format":"standard","meta":{"om_disable_all_campaigns":false,"_monsterinsights_skip_tracking":false,"_monsterinsights_sitenote_active":false,"_monsterinsights_sitenote_note":"","_monsterinsights_sitenote_category":0,"footnotes":""},"categories":[340,363,319,320],"tags":[315,806,4392,4393,4030],"class_list":["post-28746","post","type-post","status-publish","format-standard","has-post-thumbnail","hentry","category-inne","category-joanna-kuczborska","category-religijne","category-wywiady","tag-joanna-kuczborska","tag-misje","tag-ojciec-dariusz-pielak","tag-ojciec-emil-kalka","tag-werbisci"],"aioseo_notices":[],"_links":{"self":[{"href":"http:\/\/archiwum.radiopodlasie.pl\/NEW\/wp-json\/wp\/v2\/posts\/28746","targetHints":{"allow":["GET"]}}],"collection":[{"href":"http:\/\/archiwum.radiopodlasie.pl\/NEW\/wp-json\/wp\/v2\/posts"}],"about":[{"href":"http:\/\/archiwum.radiopodlasie.pl\/NEW\/wp-json\/wp\/v2\/types\/post"}],"author":[{"embeddable":true,"href":"http:\/\/archiwum.radiopodlasie.pl\/NEW\/wp-json\/wp\/v2\/users\/123459"}],"replies":[{"embeddable":true,"href":"http:\/\/archiwum.radiopodlasie.pl\/NEW\/wp-json\/wp\/v2\/comments?post=28746"}],"version-history":[{"count":1,"href":"http:\/\/archiwum.radiopodlasie.pl\/NEW\/wp-json\/wp\/v2\/posts\/28746\/revisions"}],"predecessor-version":[{"id":28747,"href":"http:\/\/archiwum.radiopodlasie.pl\/NEW\/wp-json\/wp\/v2\/posts\/28746\/revisions\/28747"}],"wp:featuredmedia":[{"embeddable":true,"href":"http:\/\/archiwum.radiopodlasie.pl\/NEW\/wp-json\/wp\/v2\/media\/6168"}],"wp:attachment":[{"href":"http:\/\/archiwum.radiopodlasie.pl\/NEW\/wp-json\/wp\/v2\/media?parent=28746"}],"wp:term":[{"taxonomy":"category","embeddable":true,"href":"http:\/\/archiwum.radiopodlasie.pl\/NEW\/wp-json\/wp\/v2\/categories?post=28746"},{"taxonomy":"post_tag","embeddable":true,"href":"http:\/\/archiwum.radiopodlasie.pl\/NEW\/wp-json\/wp\/v2\/tags?post=28746"}],"curies":[{"name":"wp","href":"https:\/\/api.w.org\/{rel}","templated":true}]}}