{"id":28750,"date":"2025-10-25T11:50:00","date_gmt":"2025-10-25T09:50:00","guid":{"rendered":"https:\/\/archiwum.radiopodlasie.pl\/NEW\/?p=28750"},"modified":"2025-10-25T11:59:22","modified_gmt":"2025-10-25T09:59:22","slug":"audycja-na-podlaskim-trakcie-literackim-z-25-pazdziernika-2025","status":"publish","type":"post","link":"http:\/\/archiwum.radiopodlasie.pl\/NEW\/2025\/10\/25\/audycja-na-podlaskim-trakcie-literackim-z-25-pazdziernika-2025\/","title":{"rendered":"Audycja &#8222;Na Podlaskim Trakcie Literackim&#8221; z 25 pa\u017adziernika 2025"},"content":{"rendered":"<p>Tytu\u0142: Audycja &#8222;Na Podlaskim Trakcie Literackim&#8221; z 25 pa\u017adziernika 2025<\/p>\n<p>Autor<strong>: Artur Ziontek<br \/><\/strong><\/p>\n<p>Nazwa audycji: <strong>Na Podlaskim Trakcie Literackim<\/strong><br \/>Data emisji: 25-10-2025<\/p>\n<p>S\u0142ownik j\u0119zyka soko\u0142owskiego opracowany przez Ma\u0142gorzat\u0119 Iwa\u0144sk\u0105-Kani\u0119 to doskona\u0142y przyk\u0142ad pomnika stawianego z przymru\u017ceniem oka na 600 lecie Soko\u0142owa Podlaskiego. Zaprasza Artur Ziontek.<\/p>\n\n\n<figure class=\"wp-block-audio\"><audio controls src=\"https:\/\/dzwieki.radiopodlasie.pl:8789\/uploads\/2025\/10\/251025_pkry_trakt_2510.mp3\"><\/audio><\/figure>\n","protected":false},"excerpt":{"rendered":"<p>Tytu\u0142: Audycja &#8222;Na Podlaskim Trakcie Literackim&#8221; z 25 pa\u017adziernika 2025 Autor: Artur Ziontek Nazwa audycji: Na Podlaskim Trakcie LiterackimData emisji: 25-10-2025 S\u0142ownik j\u0119zyka soko\u0142owskiego opracowany przez Ma\u0142gorzat\u0119 Iwa\u0144sk\u0105-Kani\u0119 to doskona\u0142y przyk\u0142ad pomnika stawianego z&#46;&#46;&#46;<\/p>\n","protected":false},"author":123459,"featured_media":22204,"comment_status":"open","ping_status":"open","sticky":false,"template":"","format":"standard","meta":{"om_disable_all_campaigns":false,"_monsterinsights_skip_tracking":false,"_monsterinsights_sitenote_active":false,"_monsterinsights_sitenote_note":"","_monsterinsights_sitenote_category":0,"footnotes":""},"categories":[3648],"tags":[1750],"class_list":["post-28750","post","type-post","status-publish","format-standard","has-post-thumbnail","hentry","category-na-podlaskim-trakcie-literackim","tag-artur-ziontek"],"aioseo_notices":[],"_links":{"self":[{"href":"http:\/\/archiwum.radiopodlasie.pl\/NEW\/wp-json\/wp\/v2\/posts\/28750","targetHints":{"allow":["GET"]}}],"collection":[{"href":"http:\/\/archiwum.radiopodlasie.pl\/NEW\/wp-json\/wp\/v2\/posts"}],"about":[{"href":"http:\/\/archiwum.radiopodlasie.pl\/NEW\/wp-json\/wp\/v2\/types\/post"}],"author":[{"embeddable":true,"href":"http:\/\/archiwum.radiopodlasie.pl\/NEW\/wp-json\/wp\/v2\/users\/123459"}],"replies":[{"embeddable":true,"href":"http:\/\/archiwum.radiopodlasie.pl\/NEW\/wp-json\/wp\/v2\/comments?post=28750"}],"version-history":[{"count":2,"href":"http:\/\/archiwum.radiopodlasie.pl\/NEW\/wp-json\/wp\/v2\/posts\/28750\/revisions"}],"predecessor-version":[{"id":28764,"href":"http:\/\/archiwum.radiopodlasie.pl\/NEW\/wp-json\/wp\/v2\/posts\/28750\/revisions\/28764"}],"wp:featuredmedia":[{"embeddable":true,"href":"http:\/\/archiwum.radiopodlasie.pl\/NEW\/wp-json\/wp\/v2\/media\/22204"}],"wp:attachment":[{"href":"http:\/\/archiwum.radiopodlasie.pl\/NEW\/wp-json\/wp\/v2\/media?parent=28750"}],"wp:term":[{"taxonomy":"category","embeddable":true,"href":"http:\/\/archiwum.radiopodlasie.pl\/NEW\/wp-json\/wp\/v2\/categories?post=28750"},{"taxonomy":"post_tag","embeddable":true,"href":"http:\/\/archiwum.radiopodlasie.pl\/NEW\/wp-json\/wp\/v2\/tags?post=28750"}],"curies":[{"name":"wp","href":"https:\/\/api.w.org\/{rel}","templated":true}]}}