{"id":28754,"date":"2025-10-25T09:55:00","date_gmt":"2025-10-25T07:55:00","guid":{"rendered":"https:\/\/archiwum.radiopodlasie.pl\/NEW\/?p=28754"},"modified":"2025-10-25T09:17:31","modified_gmt":"2025-10-25T07:17:31","slug":"rozmowa-z-ojcem-krzysztofem-kolodynskim-svd-cz-1","status":"publish","type":"post","link":"http:\/\/archiwum.radiopodlasie.pl\/NEW\/2025\/10\/25\/rozmowa-z-ojcem-krzysztofem-kolodynskim-svd-cz-1\/","title":{"rendered":"Rozmowa z ojcem Krzysztofem Ko\u0142ody\u0144skim SVD. Cz. 1"},"content":{"rendered":"<p>Tytu\u0142: Rozmowa z ojcem Krzysztofem Ko\u0142ody\u0144skim SVD. Cz. 1<\/p>\n<p>Autor: Pawe\u0142 Kryszczuk<\/p>\n<p>Nazwa audycji: <strong><span style=\"color: #339966;\">Wywiady, Go\u015b\u0107 Wolnej Soboty<\/span><\/strong><br \/>Data emisji: 25-10-2025<\/p>\n<p>Dzi\u015b w audycji Go\u015b\u0107 Wolnej Soboty porozmawiamy o ludziach, kt\u00f3rzy swoj\u0105 prac\u0105 i pasj\u0105 nios\u0105 nadziej\u0119 w najdalsze zak\u0105tki \u015bwiata \u2013 o misjonarzach.<br \/>Go\u015bciem audycji by\u0142 ojciec Krzysztof Ko\u0142ody\u0144ski SVD \u2013 misjonarz werbista, dziennikarz, filmowiec i autor ksi\u0105\u017cki \u201eVoandalana z Madagaskaru\u201d.<br \/>Z Ojcem Krzysztofem porozmawiamy o codziennym \u017cyciu misjonarzy, o kulturze Madagaskaru, a tak\u017ce o tym, jak ka\u017cdy z nas mo\u017ce w\u0142\u0105czy\u0107 si\u0119 w dzie\u0142o misyjne i wspiera\u0107 projekty nios\u0105ce realn\u0105 pomoc.<br \/>W audycji mi\u0119dzy innymi o inicjatywie \u201eWoda dla Afryki\u201d, b\u0119d\u0105cej cz\u0119\u015bci\u0105 projektu \u201e150 studni na 150-lecie SVD\u201d \u2013 o tym, jak dost\u0119p do czystej wody potrafi odmieni\u0107 \u017cycie ca\u0142ych wsp\u00f3lnot.<br \/>Zajrzymy te\u017c za kulisy filmu dokumentalnego \u201eMisyjna codzienno\u015b\u0107\u201d, opowiemy o wyzwaniach i rado\u015bciach \u017cycia na Madagaskarze oraz o niezwyk\u0142ych ludziach, kt\u00f3rzy stali si\u0119 symbolem nadziei.<br \/>Nie zabraknie rozmowy o ksi\u0105\u017cce \u201eVoandalana z Madagaskaru\u201d \u2013 zbiorze szesnastu reporta\u017cowych historii, kt\u00f3re nie tylko poruszaj\u0105, ale tak\u017ce wspieraj\u0105 budow\u0119 ko\u015bcio\u0142a w Mandritsarze.<br \/>To pierwsza cz\u0119\u015b\u0107 rozmowy z ojcem Krzysztofem Ko\u0142ody\u0144skim \u2013 za tydzie\u0144 zapraszamy Pa\u0144stwa na drug\u0105 cz\u0119\u015b\u0107, po\u015bwi\u0119con\u0105 jego projektom filmowym i misyjnym inicjatywom medialnym.<br \/>Rozmow\u0119 przeprowadzi\u0142 Pawe\u0142 Kryszczuk.<\/p>\n\n\n<figure class=\"wp-block-audio\"><audio controls src=\"https:\/\/dzwieki.radiopodlasie.pl:8789\/uploads\/2025\/10\/251025_gws_pkry_kolodynski.mp3\"><\/audio><\/figure>\n","protected":false},"excerpt":{"rendered":"<p>Tytu\u0142: Rozmowa z ojcem Krzysztofem Ko\u0142ody\u0144skim SVD. Cz. 1 Autor: Pawe\u0142 Kryszczuk Nazwa audycji: Wywiady, Go\u015b\u0107 Wolnej SobotyData emisji: 25-10-2025 Dzi\u015b w audycji Go\u015b\u0107 Wolnej Soboty porozmawiamy o ludziach, kt\u00f3rzy swoj\u0105 prac\u0105 i pasj\u0105&#46;&#46;&#46;<\/p>\n","protected":false},"author":123459,"featured_media":6247,"comment_status":"open","ping_status":"open","sticky":false,"template":"","format":"standard","meta":{"om_disable_all_campaigns":false,"_monsterinsights_skip_tracking":false,"_monsterinsights_sitenote_active":false,"_monsterinsights_sitenote_note":"","_monsterinsights_sitenote_category":0,"footnotes":""},"categories":[3536,567,320],"tags":[4395,806,1120,4394,294],"class_list":["post-28754","post","type-post","status-publish","format-standard","has-post-thumbnail","hentry","category-gosc-wolnej-soboty","category-pawel-kryszczuk","category-wywiady","tag-madagaskar","tag-misje","tag-misjonarz","tag-ojciec-krzysztof-kolodynski-svd","tag-pawel-kryszczuk"],"aioseo_notices":[],"_links":{"self":[{"href":"http:\/\/archiwum.radiopodlasie.pl\/NEW\/wp-json\/wp\/v2\/posts\/28754","targetHints":{"allow":["GET"]}}],"collection":[{"href":"http:\/\/archiwum.radiopodlasie.pl\/NEW\/wp-json\/wp\/v2\/posts"}],"about":[{"href":"http:\/\/archiwum.radiopodlasie.pl\/NEW\/wp-json\/wp\/v2\/types\/post"}],"author":[{"embeddable":true,"href":"http:\/\/archiwum.radiopodlasie.pl\/NEW\/wp-json\/wp\/v2\/users\/123459"}],"replies":[{"embeddable":true,"href":"http:\/\/archiwum.radiopodlasie.pl\/NEW\/wp-json\/wp\/v2\/comments?post=28754"}],"version-history":[{"count":2,"href":"http:\/\/archiwum.radiopodlasie.pl\/NEW\/wp-json\/wp\/v2\/posts\/28754\/revisions"}],"predecessor-version":[{"id":28756,"href":"http:\/\/archiwum.radiopodlasie.pl\/NEW\/wp-json\/wp\/v2\/posts\/28754\/revisions\/28756"}],"wp:featuredmedia":[{"embeddable":true,"href":"http:\/\/archiwum.radiopodlasie.pl\/NEW\/wp-json\/wp\/v2\/media\/6247"}],"wp:attachment":[{"href":"http:\/\/archiwum.radiopodlasie.pl\/NEW\/wp-json\/wp\/v2\/media?parent=28754"}],"wp:term":[{"taxonomy":"category","embeddable":true,"href":"http:\/\/archiwum.radiopodlasie.pl\/NEW\/wp-json\/wp\/v2\/categories?post=28754"},{"taxonomy":"post_tag","embeddable":true,"href":"http:\/\/archiwum.radiopodlasie.pl\/NEW\/wp-json\/wp\/v2\/tags?post=28754"}],"curies":[{"name":"wp","href":"https:\/\/api.w.org\/{rel}","templated":true}]}}