{"id":28769,"date":"2025-10-26T09:53:00","date_gmt":"2025-10-26T08:53:00","guid":{"rendered":"https:\/\/archiwum.radiopodlasie.pl\/NEW\/?p=28769"},"modified":"2025-10-26T10:09:54","modified_gmt":"2025-10-26T09:09:54","slug":"czytania-na-xxx-niedziele-zwykla-4","status":"publish","type":"post","link":"http:\/\/archiwum.radiopodlasie.pl\/NEW\/2025\/10\/26\/czytania-na-xxx-niedziele-zwykla-4\/","title":{"rendered":"Czytania na XXX NIEDZIEL\u0118 ZWYK\u0141\u0104"},"content":{"rendered":"\n<p>Tytu\u0142<strong>: <\/strong> <strong>Czytania na<\/strong> <strong>XXX NIEDZIEL\u0118 ZWYK\u0141\u0104<\/strong><\/p>\n\n\n\n<p>Autor: <strong>Joanna Kuczborska,<\/strong> ks. Micha\u0142 Mo\u015bcicki<\/p>\n\n\n\n<p><strong><span style=\"color: #339966\">Nazwa audycji: Katolik w \u015bwiecie &#8211; instrukcja obs\u0142ugi<\/span><\/strong><\/p>\n\n\n\n<p><\/p>\n\n\n\n<p>Data emisji: 26-10-2025 r.<\/p>\n\n\n\n<p>Syr 35,12-14.16-18 Ps 34 2 Tm 4,6-9.16-18 \u0141k 18,9-14<br>\u201ePan jest s\u0119dzi\u0105, kt\u00f3ry nie ma wzgl\u0119du na osoby. (..) Kto s\u0142u\u017cy Bogu, z upodobaniem zostanie przyj\u0119ty, a b\u0142aganie jego dosi\u0119gnie ob\u0142ok\u00f3w. Modlitwa pokornego przeniknie ob\u0142oki i nie dozna pociechy, zanim nie osi\u0105gnie celu\u201d.<br>Pan jest blisko ludzi skruszonych w sercu, *ocala upad\u0142ych na duchu.<\/p>\n\n\n\n<p>\u201eWybawi mnie Pan od wszelkiego z\u0142ego czynu i ocali mnie, przyjmuj\u0105c do swego kr\u00f3lestwa niebieskiego; Jemu chwa\u0142a na wieki wiek\u00f3w. Amen\u201d.<br>\u201eKa\u017cdy bowiem, kto si\u0119 wywy\u017csza, b\u0119dzie poni\u017cony, a kto si\u0119 uni\u017ca, b\u0119dzie wywy\u017cszony\u00bb.<\/p>\n\n\n\n<figure class=\"wp-block-audio\"><audio controls src=\"https:\/\/dzwieki.radiopodlasie.pl:8789\/uploads\/2025\/10\/251026_katolik_JK_xMoscicki.mp3\"><\/audio><\/figure>\n","protected":false},"excerpt":{"rendered":"<p>Tytu\u0142: Czytania na XXX NIEDZIEL\u0118 ZWYK\u0141\u0104 Autor: Joanna Kuczborska, ks. Micha\u0142 Mo\u015bcicki Nazwa audycji: Katolik w \u015bwiecie &#8211; instrukcja obs\u0142ugi Data emisji: 26-10-2025 r. Syr 35,12-14.16-18 Ps 34 2 Tm 4,6-9.16-18 \u0141k 18,9-14\u201ePan jest&#46;&#46;&#46;<\/p>\n","protected":false},"author":123459,"featured_media":5933,"comment_status":"open","ping_status":"open","sticky":false,"template":"","format":"standard","meta":{"om_disable_all_campaigns":false,"_monsterinsights_skip_tracking":false,"_monsterinsights_sitenote_active":false,"_monsterinsights_sitenote_note":"","_monsterinsights_sitenote_category":0,"footnotes":""},"categories":[1700],"tags":[1809,85],"class_list":["post-28769","post","type-post","status-publish","format-standard","has-post-thumbnail","hentry","category-katolik-w-swiecie-instrukcja-obslugi","tag-katolik","tag-niedziela"],"aioseo_notices":[],"_links":{"self":[{"href":"http:\/\/archiwum.radiopodlasie.pl\/NEW\/wp-json\/wp\/v2\/posts\/28769","targetHints":{"allow":["GET"]}}],"collection":[{"href":"http:\/\/archiwum.radiopodlasie.pl\/NEW\/wp-json\/wp\/v2\/posts"}],"about":[{"href":"http:\/\/archiwum.radiopodlasie.pl\/NEW\/wp-json\/wp\/v2\/types\/post"}],"author":[{"embeddable":true,"href":"http:\/\/archiwum.radiopodlasie.pl\/NEW\/wp-json\/wp\/v2\/users\/123459"}],"replies":[{"embeddable":true,"href":"http:\/\/archiwum.radiopodlasie.pl\/NEW\/wp-json\/wp\/v2\/comments?post=28769"}],"version-history":[{"count":1,"href":"http:\/\/archiwum.radiopodlasie.pl\/NEW\/wp-json\/wp\/v2\/posts\/28769\/revisions"}],"predecessor-version":[{"id":28770,"href":"http:\/\/archiwum.radiopodlasie.pl\/NEW\/wp-json\/wp\/v2\/posts\/28769\/revisions\/28770"}],"wp:featuredmedia":[{"embeddable":true,"href":"http:\/\/archiwum.radiopodlasie.pl\/NEW\/wp-json\/wp\/v2\/media\/5933"}],"wp:attachment":[{"href":"http:\/\/archiwum.radiopodlasie.pl\/NEW\/wp-json\/wp\/v2\/media?parent=28769"}],"wp:term":[{"taxonomy":"category","embeddable":true,"href":"http:\/\/archiwum.radiopodlasie.pl\/NEW\/wp-json\/wp\/v2\/categories?post=28769"},{"taxonomy":"post_tag","embeddable":true,"href":"http:\/\/archiwum.radiopodlasie.pl\/NEW\/wp-json\/wp\/v2\/tags?post=28769"}],"curies":[{"name":"wp","href":"https:\/\/api.w.org\/{rel}","templated":true}]}}