{"id":28783,"date":"2025-10-28T12:42:11","date_gmt":"2025-10-28T11:42:11","guid":{"rendered":"https:\/\/archiwum.radiopodlasie.pl\/NEW\/?p=28783"},"modified":"2025-10-28T12:42:12","modified_gmt":"2025-10-28T11:42:12","slug":"uroczystosc-glownych-patronow-diecezji-siedleckiej-sw-szymona-i-judy-tadeusza-homilia","status":"publish","type":"post","link":"http:\/\/archiwum.radiopodlasie.pl\/NEW\/2025\/10\/28\/uroczystosc-glownych-patronow-diecezji-siedleckiej-sw-szymona-i-judy-tadeusza-homilia\/","title":{"rendered":"Uroczysto\u015b\u0107 g\u0142\u00f3wnych patron\u00f3w Diecezji Siedleckiej \u2013 \u015bw. Szymona i Judy Tadeusza. Homilia"},"content":{"rendered":"<p>Tytu\u0142: Uroczysto\u015b\u0107 g\u0142\u00f3wnych patron\u00f3w Diecezji Siedleckiej \u2013 \u015bw. Szymona i Judy Tadeusza. Homilia<\/p>\n<p>Autor: Bp Kazimierz Gurda<\/p>\n<p>Nazwa audycji:<strong><span style=\"color: #339966;\"> Homilie<\/span><\/strong><br \/>Data emisji: 28-10-2025<\/p>\n<p>28 pa\u017adziernika przypada uroczysto\u015b\u0107 g\u0142\u00f3wnych patron\u00f3w diecezji siedleckiej \u2013 \u015bwi\u0119tych: Szymona i Judy Tadeusza. O godzinie 12.00 w katedrze siedleckiej by\u0142a celebrowana uroczysta Msza \u015bw., pod przewodnictwem Biskupa siedleckiego Kazimierza Gurdy. Podczas liturgii alumni Wy\u017cszego Seminarium Duchownego zostali przyj\u0119ci do grona kandydat\u00f3w do diakonatu i prezbiteriatu.<\/p>\n\n\n<figure class=\"wp-block-audio\"><audio controls src=\"https:\/\/dzwieki.radiopodlasie.pl:8789\/uploads\/2025\/10\/251028_katedra_szymona_judy_teduesza_bp_gurda_homilia.mp3\"><\/audio><\/figure>\n","protected":false},"excerpt":{"rendered":"<p>Tytu\u0142: Uroczysto\u015b\u0107 g\u0142\u00f3wnych patron\u00f3w Diecezji Siedleckiej \u2013 \u015bw. Szymona i Judy Tadeusza. Homilia Autor: Bp Kazimierz Gurda Nazwa audycji: HomilieData emisji: 28-10-2025 28 pa\u017adziernika przypada uroczysto\u015b\u0107 g\u0142\u00f3wnych patron\u00f3w diecezji siedleckiej \u2013 \u015bwi\u0119tych: Szymona i&#46;&#46;&#46;<\/p>\n","protected":false},"author":123459,"featured_media":6622,"comment_status":"open","ping_status":"open","sticky":false,"template":"","format":"standard","meta":{"om_disable_all_campaigns":false,"_monsterinsights_skip_tracking":false,"_monsterinsights_sitenote_active":false,"_monsterinsights_sitenote_note":"","_monsterinsights_sitenote_category":0,"footnotes":""},"categories":[334],"tags":[71,694],"class_list":["post-28783","post","type-post","status-publish","format-standard","has-post-thumbnail","hentry","category-homilie","tag-homilia","tag-kosciol"],"aioseo_notices":[],"_links":{"self":[{"href":"http:\/\/archiwum.radiopodlasie.pl\/NEW\/wp-json\/wp\/v2\/posts\/28783","targetHints":{"allow":["GET"]}}],"collection":[{"href":"http:\/\/archiwum.radiopodlasie.pl\/NEW\/wp-json\/wp\/v2\/posts"}],"about":[{"href":"http:\/\/archiwum.radiopodlasie.pl\/NEW\/wp-json\/wp\/v2\/types\/post"}],"author":[{"embeddable":true,"href":"http:\/\/archiwum.radiopodlasie.pl\/NEW\/wp-json\/wp\/v2\/users\/123459"}],"replies":[{"embeddable":true,"href":"http:\/\/archiwum.radiopodlasie.pl\/NEW\/wp-json\/wp\/v2\/comments?post=28783"}],"version-history":[{"count":4,"href":"http:\/\/archiwum.radiopodlasie.pl\/NEW\/wp-json\/wp\/v2\/posts\/28783\/revisions"}],"predecessor-version":[{"id":28787,"href":"http:\/\/archiwum.radiopodlasie.pl\/NEW\/wp-json\/wp\/v2\/posts\/28783\/revisions\/28787"}],"wp:featuredmedia":[{"embeddable":true,"href":"http:\/\/archiwum.radiopodlasie.pl\/NEW\/wp-json\/wp\/v2\/media\/6622"}],"wp:attachment":[{"href":"http:\/\/archiwum.radiopodlasie.pl\/NEW\/wp-json\/wp\/v2\/media?parent=28783"}],"wp:term":[{"taxonomy":"category","embeddable":true,"href":"http:\/\/archiwum.radiopodlasie.pl\/NEW\/wp-json\/wp\/v2\/categories?post=28783"},{"taxonomy":"post_tag","embeddable":true,"href":"http:\/\/archiwum.radiopodlasie.pl\/NEW\/wp-json\/wp\/v2\/tags?post=28783"}],"curies":[{"name":"wp","href":"https:\/\/api.w.org\/{rel}","templated":true}]}}