{"id":28791,"date":"2025-10-30T13:07:00","date_gmt":"2025-10-30T12:07:00","guid":{"rendered":"https:\/\/archiwum.radiopodlasie.pl\/NEW\/?p=28791"},"modified":"2025-10-31T14:18:05","modified_gmt":"2025-10-31T13:18:05","slug":"grunt-to-rozmowa-podsumowanie-90-dni-pracy-na-stanowisku-szefa-resortu","status":"publish","type":"post","link":"http:\/\/archiwum.radiopodlasie.pl\/NEW\/2025\/10\/30\/grunt-to-rozmowa-podsumowanie-90-dni-pracy-na-stanowisku-szefa-resortu\/","title":{"rendered":"Grunt to rozmowa &#8211; podsumowanie 90 dni pracy na stanowisku szefa resortu"},"content":{"rendered":"<p>Tytu\u0142: Grunt to rozmowa &#8211; podsumowanie 90 dni pracy na stanowisku szefa resortu<\/p>\n<p>Nazwa audycji: <strong><span style=\"color: #339966;\">Grunt to rozmowa<\/span><\/strong><br \/>Data emisji: 30-10-2025<\/p>\n<p>Zapraszamy do wys\u0142uchania audycji z cyklu &#8222;Grunt to rozmowa&#8221;, przeznaczonych dla rolnik\u00f3w, ale nie tylko. &#8222;Grunt to rozmowa&#8221; to audycja, kt\u00f3ra powstaje we wsp\u00f3\u0142pracy z Ministerstwem Rolnictwa i Rozwoju Wsi. &#8222;Kampania informacyjna Ministerstwa Rolnictwa i Rozwoju Wsi&#8221; #MRiRW.<\/p>\n<p>W dzisiejszej audycji wys\u0142uchamy rozmowy Aleksandry Mieczy\u0144skiej ze Stefanem Krajewskim &#8211; Ministrem Rolnictwa i Rozwoju Wsi. W rozmowie tej minister podsumuje 90 dni pracy na stanowisku szefa resortu. Zaprasza Karolina Ko\u0142acz.<\/p>\n\n\n<figure class=\"wp-block-image size-large\"><img loading=\"lazy\" decoding=\"async\" width=\"1024\" height=\"319\" src=\"https:\/\/archiwum.radiopodlasie.pl\/NEW\/wp-content\/uploads\/2025\/05\/logotyp-do-kazdej-audycji_znak_podstawowy_kolor_biale_tlo-1-1024x319.png\" alt=\"\" class=\"wp-image-26699\" srcset=\"http:\/\/archiwum.radiopodlasie.pl\/NEW\/wp-content\/uploads\/2025\/05\/logotyp-do-kazdej-audycji_znak_podstawowy_kolor_biale_tlo-1-1024x319.png 1024w, http:\/\/archiwum.radiopodlasie.pl\/NEW\/wp-content\/uploads\/2025\/05\/logotyp-do-kazdej-audycji_znak_podstawowy_kolor_biale_tlo-1-300x93.png 300w, http:\/\/archiwum.radiopodlasie.pl\/NEW\/wp-content\/uploads\/2025\/05\/logotyp-do-kazdej-audycji_znak_podstawowy_kolor_biale_tlo-1-768x239.png 768w, http:\/\/archiwum.radiopodlasie.pl\/NEW\/wp-content\/uploads\/2025\/05\/logotyp-do-kazdej-audycji_znak_podstawowy_kolor_biale_tlo-1.png 1388w\" sizes=\"auto, (max-width: 1024px) 100vw, 1024px\" \/><\/figure>\n\n\n\n<figure class=\"wp-block-audio\"><audio controls src=\"https:\/\/dzwieki.radiopodlasie.pl:8789\/uploads\/2025\/10\/251030_10_GRUNT_TO_ROZMOWA_30_10_2025.mp3\"><\/audio><\/figure>\n","protected":false},"excerpt":{"rendered":"<p>Tytu\u0142: Grunt to rozmowa &#8211; podsumowanie 90 dni pracy na stanowisku szefa resortu Nazwa audycji: Grunt to rozmowaData emisji: 30-10-2025 Zapraszamy do wys\u0142uchania audycji z cyklu &#8222;Grunt to rozmowa&#8221;, przeznaczonych dla rolnik\u00f3w, ale nie&#46;&#46;&#46;<\/p>\n","protected":false},"author":123459,"featured_media":22284,"comment_status":"open","ping_status":"open","sticky":false,"template":"","format":"standard","meta":{"om_disable_all_campaigns":false,"_monsterinsights_skip_tracking":false,"_monsterinsights_sitenote_active":false,"_monsterinsights_sitenote_note":"","_monsterinsights_sitenote_category":0,"footnotes":""},"categories":[3521],"tags":[3853],"class_list":["post-28791","post","type-post","status-publish","format-standard","has-post-thumbnail","hentry","category-grunt-to-rozmowa","tag-grunt-to-rozmowa"],"aioseo_notices":[],"_links":{"self":[{"href":"http:\/\/archiwum.radiopodlasie.pl\/NEW\/wp-json\/wp\/v2\/posts\/28791","targetHints":{"allow":["GET"]}}],"collection":[{"href":"http:\/\/archiwum.radiopodlasie.pl\/NEW\/wp-json\/wp\/v2\/posts"}],"about":[{"href":"http:\/\/archiwum.radiopodlasie.pl\/NEW\/wp-json\/wp\/v2\/types\/post"}],"author":[{"embeddable":true,"href":"http:\/\/archiwum.radiopodlasie.pl\/NEW\/wp-json\/wp\/v2\/users\/123459"}],"replies":[{"embeddable":true,"href":"http:\/\/archiwum.radiopodlasie.pl\/NEW\/wp-json\/wp\/v2\/comments?post=28791"}],"version-history":[{"count":1,"href":"http:\/\/archiwum.radiopodlasie.pl\/NEW\/wp-json\/wp\/v2\/posts\/28791\/revisions"}],"predecessor-version":[{"id":28792,"href":"http:\/\/archiwum.radiopodlasie.pl\/NEW\/wp-json\/wp\/v2\/posts\/28791\/revisions\/28792"}],"wp:featuredmedia":[{"embeddable":true,"href":"http:\/\/archiwum.radiopodlasie.pl\/NEW\/wp-json\/wp\/v2\/media\/22284"}],"wp:attachment":[{"href":"http:\/\/archiwum.radiopodlasie.pl\/NEW\/wp-json\/wp\/v2\/media?parent=28791"}],"wp:term":[{"taxonomy":"category","embeddable":true,"href":"http:\/\/archiwum.radiopodlasie.pl\/NEW\/wp-json\/wp\/v2\/categories?post=28791"},{"taxonomy":"post_tag","embeddable":true,"href":"http:\/\/archiwum.radiopodlasie.pl\/NEW\/wp-json\/wp\/v2\/tags?post=28791"}],"curies":[{"name":"wp","href":"https:\/\/api.w.org\/{rel}","templated":true}]}}