{"id":28796,"date":"2025-10-30T17:36:00","date_gmt":"2025-10-30T16:36:00","guid":{"rendered":"https:\/\/archiwum.radiopodlasie.pl\/NEW\/?p=28796"},"modified":"2025-10-31T14:37:01","modified_gmt":"2025-10-31T13:37:01","slug":"zwyczaje-dotyczace-kupowania-zniczy","status":"publish","type":"post","link":"http:\/\/archiwum.radiopodlasie.pl\/NEW\/2025\/10\/30\/zwyczaje-dotyczace-kupowania-zniczy\/","title":{"rendered":"Zwyczaje dotycz\u0105ce kupowania zniczy"},"content":{"rendered":"<p>Tytu\u0142<strong>: Zwyczaje dotycz\u0105ce kupowania zniczy<\/strong><\/p>\n<p>Autor: Agnieszka Bolewska-Iwaniuk<\/p>\n<p>Nazwa audycji: <strong><span style=\"color: #339966;\">Wywiady<\/span><\/strong><br \/>Data emisji: 30-10-2025<\/p>\n<p>Znicze, to jeden z najbardziej symbolicznych element\u00f3w jesiennego okresu. Dla wielu z nas zapalenie znicza to nieod\u0142\u0105czna cz\u0119\u015b\u0107 wizyty na cmentarzu. <br \/>Dla sprzedawc\u00f3w to z kolei czas wzmo\u017conej pracy i handlowych wyzwa\u0144. <br \/>Zapytamy mieszka\u0144c\u00f3w o ich zwyczaje dotycz\u0105ce kupowania zniczy, a lokalnego handlowca podpytamy &#8211; jak d\u0142ugo trwa sezon sprzeda\u017cy zniczy, jakie wzory i kolory ciesz\u0105 si\u0119 najwi\u0119kszym zainteresowaniem. Poruszymy te\u017c temat zniczy zasilanych energi\u0105 s\u0142oneczn\u0105. Audycje przygotowa\u0142a Agnieszka Bolewska-Iwaniuk. <br \/>Pos\u0142uchajmy, co o zniczach m\u00f3wi\u0105 mieszkanki regionu.<\/p>\n\n\n<figure class=\"wp-block-audio\"><audio controls src=\"https:\/\/dzwieki.radiopodlasie.pl:8789\/uploads\/2025\/10\/251030_abol_30_ozniczach_1.mp3\"><\/audio><\/figure>\n\n\n\n<p>Kolejnym naszym go\u015bciem jest pan Wojciech Szawka\u0142o, kt\u00f3ry wraz z rodzin\u0105 zajmuje si\u0119 sprzeda\u017c\u0105 zniczy.<\/p>\n\n\n\n<figure class=\"wp-block-image size-large\"><img loading=\"lazy\" decoding=\"async\" width=\"1024\" height=\"576\" src=\"https:\/\/archiwum.radiopodlasie.pl\/NEW\/wp-content\/uploads\/2025\/10\/yly9u-7e-1024x576.jpg\" alt=\"\" class=\"wp-image-28798\" srcset=\"http:\/\/archiwum.radiopodlasie.pl\/NEW\/wp-content\/uploads\/2025\/10\/yly9u-7e-1024x576.jpg 1024w, http:\/\/archiwum.radiopodlasie.pl\/NEW\/wp-content\/uploads\/2025\/10\/yly9u-7e-300x169.jpg 300w, http:\/\/archiwum.radiopodlasie.pl\/NEW\/wp-content\/uploads\/2025\/10\/yly9u-7e-768x432.jpg 768w, http:\/\/archiwum.radiopodlasie.pl\/NEW\/wp-content\/uploads\/2025\/10\/yly9u-7e-1536x864.jpg 1536w, http:\/\/archiwum.radiopodlasie.pl\/NEW\/wp-content\/uploads\/2025\/10\/yly9u-7e.jpg 2048w\" sizes=\"auto, (max-width: 1024px) 100vw, 1024px\" \/><\/figure>\n\n\n\n<figure class=\"wp-block-audio\"><audio controls src=\"https:\/\/dzwieki.radiopodlasie.pl:8789\/uploads\/2025\/10\/251030_abol_30_ozniczach_2.mp3\"><\/audio><\/figure>\n","protected":false},"excerpt":{"rendered":"<p>Tytu\u0142: Zwyczaje dotycz\u0105ce kupowania zniczy Autor: Agnieszka Bolewska-Iwaniuk Nazwa audycji: WywiadyData emisji: 30-10-2025 Znicze, to jeden z najbardziej symbolicznych element\u00f3w jesiennego okresu. Dla wielu z nas zapalenie znicza to nieod\u0142\u0105czna cz\u0119\u015b\u0107 wizyty na cmentarzu.&#46;&#46;&#46;<\/p>\n","protected":false},"author":123459,"featured_media":6100,"comment_status":"open","ping_status":"open","sticky":false,"template":"","format":"standard","meta":{"om_disable_all_campaigns":false,"_monsterinsights_skip_tracking":false,"_monsterinsights_sitenote_active":false,"_monsterinsights_sitenote_note":"","_monsterinsights_sitenote_category":0,"footnotes":""},"categories":[360,320],"tags":[201,4400,4399],"class_list":["post-28796","post","type-post","status-publish","format-standard","has-post-thumbnail","hentry","category-agnieszka-bolewska-iwaniuk","category-wywiady","tag-agnieszka-bolewska-iwaniuk","tag-wojciech-szawkalo","tag-znicze"],"aioseo_notices":[],"_links":{"self":[{"href":"http:\/\/archiwum.radiopodlasie.pl\/NEW\/wp-json\/wp\/v2\/posts\/28796","targetHints":{"allow":["GET"]}}],"collection":[{"href":"http:\/\/archiwum.radiopodlasie.pl\/NEW\/wp-json\/wp\/v2\/posts"}],"about":[{"href":"http:\/\/archiwum.radiopodlasie.pl\/NEW\/wp-json\/wp\/v2\/types\/post"}],"author":[{"embeddable":true,"href":"http:\/\/archiwum.radiopodlasie.pl\/NEW\/wp-json\/wp\/v2\/users\/123459"}],"replies":[{"embeddable":true,"href":"http:\/\/archiwum.radiopodlasie.pl\/NEW\/wp-json\/wp\/v2\/comments?post=28796"}],"version-history":[{"count":2,"href":"http:\/\/archiwum.radiopodlasie.pl\/NEW\/wp-json\/wp\/v2\/posts\/28796\/revisions"}],"predecessor-version":[{"id":28799,"href":"http:\/\/archiwum.radiopodlasie.pl\/NEW\/wp-json\/wp\/v2\/posts\/28796\/revisions\/28799"}],"wp:featuredmedia":[{"embeddable":true,"href":"http:\/\/archiwum.radiopodlasie.pl\/NEW\/wp-json\/wp\/v2\/media\/6100"}],"wp:attachment":[{"href":"http:\/\/archiwum.radiopodlasie.pl\/NEW\/wp-json\/wp\/v2\/media?parent=28796"}],"wp:term":[{"taxonomy":"category","embeddable":true,"href":"http:\/\/archiwum.radiopodlasie.pl\/NEW\/wp-json\/wp\/v2\/categories?post=28796"},{"taxonomy":"post_tag","embeddable":true,"href":"http:\/\/archiwum.radiopodlasie.pl\/NEW\/wp-json\/wp\/v2\/tags?post=28796"}],"curies":[{"name":"wp","href":"https:\/\/api.w.org\/{rel}","templated":true}]}}