{"id":28830,"date":"2025-10-31T17:45:00","date_gmt":"2025-10-31T16:45:00","guid":{"rendered":"https:\/\/archiwum.radiopodlasie.pl\/NEW\/?p=28830"},"modified":"2025-10-31T16:29:48","modified_gmt":"2025-10-31T15:29:48","slug":"gospodarka-lowiecka-a-myslistwo-mity-i-fakty-odpowiedzialnosc-karna-i-dyscyplinarna-mysliwych-audycja-z-31-pazdziernika-2025","status":"publish","type":"post","link":"http:\/\/archiwum.radiopodlasie.pl\/NEW\/2025\/10\/31\/gospodarka-lowiecka-a-myslistwo-mity-i-fakty-odpowiedzialnosc-karna-i-dyscyplinarna-mysliwych-audycja-z-31-pazdziernika-2025\/","title":{"rendered":"Gospodarka \u0142owiecka, a my\u015blistwo \u2013 mity i fakty. Odpowiedzialno\u015b\u0107 karna i dyscyplinarna my\u015bliwych &#8211; audycja z 31 pa\u017adziernika 2025"},"content":{"rendered":"<p>Tytu\u0142: Gospodarka \u0142owiecka, a my\u015blistwo \u2013 mity i fakty. Odpowiedzialno\u015b\u0107 karna i dyscyplinarna my\u015bliwych &#8211; audycja z 31 pa\u017adziernika 2025<\/p>\n<p>Autor: Katarzyna Chaci\u0144ska<\/p>\n<p>Nazwa audycji: <strong><span style=\"color: #339966;\">Gospodarka \u0142owiecka a my\u015blistwo \u2013 mity i fakty<\/span><\/strong><br \/>Data emisji: 31-10-2025<\/p>\n<p>W dzisiejszym odcinku audycji \u201eGospodarka \u0142owiecka, a my\u015blistwo, mity i fakty obalimy nieprawdziw\u0105 informacj\u0119, \u017ce my\u015bliwi poluj\u0105 bez jakiegokolwiek zezwolenia, dowiemy si\u0119 tak\u017ce co reguluje ich dzia\u0142anie, komu podlegaj\u0105 oraz jakie konsekwencje b\u0119d\u0105 ponios\u0105 je\u015bli zrobi\u0105 co\u015b niezgodnie z prawem.<\/p>\n<p>Katarzyna Chaci\u0144ska rozmawia\u0142a z adwokatem Ryszardem Czwarnogiem, Prezesem S\u0105du Okr\u0119gowego Polskiego Zwi\u0105zku \u0141owieckiego i adwokatem Krzysztofem Sup\u0142em , Wiceprezesem, s\u0119dzi\u0105 okr\u0119gowego Zwi\u0105zku \u0141owieckiego w Siedlcach.<\/p>\n\n\n<figure class=\"wp-block-audio\"><audio controls src=\"https:\/\/dzwieki.radiopodlasie.pl:8789\/uploads\/2025\/10\/251031_31_pzl_audycja_odpowiedzialnosc.mp3\"><\/audio><\/figure>\n\n\n\n<p>Ci\u0105g dalszy rozmowy na temat odpowiedzialno\u015bci karnej i dyscyplinarnej my\u015bliwych w pi\u0105tek, 14 listopada w Przystanku Podlasie po godz. 17.20<\/p>\n","protected":false},"excerpt":{"rendered":"<p>Tytu\u0142: Gospodarka \u0142owiecka, a my\u015blistwo \u2013 mity i fakty. Odpowiedzialno\u015b\u0107 karna i dyscyplinarna my\u015bliwych &#8211; audycja z 31 pa\u017adziernika 2025 Autor: Katarzyna Chaci\u0144ska Nazwa audycji: Gospodarka \u0142owiecka a my\u015blistwo \u2013 mity i faktyData emisji:&#46;&#46;&#46;<\/p>\n","protected":false},"author":123459,"featured_media":26312,"comment_status":"open","ping_status":"open","sticky":false,"template":"","format":"standard","meta":{"om_disable_all_campaigns":false,"_monsterinsights_skip_tracking":false,"_monsterinsights_sitenote_active":false,"_monsterinsights_sitenote_note":"","_monsterinsights_sitenote_category":0,"footnotes":""},"categories":[323,4074,3528,320],"tags":[4076,3712,4402,3856],"class_list":["post-28830","post","type-post","status-publish","format-standard","has-post-thumbnail","hentry","category-audycje","category-gospodarka-lowiecka-a-myslistwo-fakty-i-mity","category-katarzyna-chacinska","category-wywiady","tag-gospodarka-lowiecka","tag-katarzyna-chacinska","tag-krzysztof-supel","tag-ryszard-czwarnog"],"aioseo_notices":[],"_links":{"self":[{"href":"http:\/\/archiwum.radiopodlasie.pl\/NEW\/wp-json\/wp\/v2\/posts\/28830","targetHints":{"allow":["GET"]}}],"collection":[{"href":"http:\/\/archiwum.radiopodlasie.pl\/NEW\/wp-json\/wp\/v2\/posts"}],"about":[{"href":"http:\/\/archiwum.radiopodlasie.pl\/NEW\/wp-json\/wp\/v2\/types\/post"}],"author":[{"embeddable":true,"href":"http:\/\/archiwum.radiopodlasie.pl\/NEW\/wp-json\/wp\/v2\/users\/123459"}],"replies":[{"embeddable":true,"href":"http:\/\/archiwum.radiopodlasie.pl\/NEW\/wp-json\/wp\/v2\/comments?post=28830"}],"version-history":[{"count":2,"href":"http:\/\/archiwum.radiopodlasie.pl\/NEW\/wp-json\/wp\/v2\/posts\/28830\/revisions"}],"predecessor-version":[{"id":28832,"href":"http:\/\/archiwum.radiopodlasie.pl\/NEW\/wp-json\/wp\/v2\/posts\/28830\/revisions\/28832"}],"wp:featuredmedia":[{"embeddable":true,"href":"http:\/\/archiwum.radiopodlasie.pl\/NEW\/wp-json\/wp\/v2\/media\/26312"}],"wp:attachment":[{"href":"http:\/\/archiwum.radiopodlasie.pl\/NEW\/wp-json\/wp\/v2\/media?parent=28830"}],"wp:term":[{"taxonomy":"category","embeddable":true,"href":"http:\/\/archiwum.radiopodlasie.pl\/NEW\/wp-json\/wp\/v2\/categories?post=28830"},{"taxonomy":"post_tag","embeddable":true,"href":"http:\/\/archiwum.radiopodlasie.pl\/NEW\/wp-json\/wp\/v2\/tags?post=28830"}],"curies":[{"name":"wp","href":"https:\/\/api.w.org\/{rel}","templated":true}]}}