{"id":29379,"date":"2025-12-08T11:38:03","date_gmt":"2025-12-08T10:38:03","guid":{"rendered":"https:\/\/archiwum.radiopodlasie.pl\/NEW\/?p=29379"},"modified":"2025-12-08T11:38:03","modified_gmt":"2025-12-08T10:38:03","slug":"pierwsze-gminne-mikolajki-w-skorcu","status":"publish","type":"post","link":"http:\/\/archiwum.radiopodlasie.pl\/NEW\/2025\/12\/08\/pierwsze-gminne-mikolajki-w-skorcu\/","title":{"rendered":"Pierwsze Gminne Miko\u0142ajki w Sk\u00f3rcu"},"content":{"rendered":"<p>Tytu\u0142<strong>: Pierwsze Gminne Miko\u0142ajki w Sk\u00f3rcu<\/strong><\/p>\n<p>Autor: Andrzej Ilczuk<\/p>\n<p>Nazwa audycji: <strong><span style=\"color: #339966;\">Wywiady<\/span><\/strong><br \/>Data emisji: 08-12-2025<\/p>\n<p>To by\u0142o popo\u0142udnie pe\u0142ne ciep\u0142a, rado\u015bci i ofiarnych serc. W Sk\u00f3rcu, w sobot\u0119 6 grudnia, odby\u0142y si\u0119 pierwsze Gminne Miko\u0142ajki. Mia\u0142y wymiar charytatywny-zbierano pieni\u0105dze na leczenie Karola Ko\u0144cy \u2013 mieszka\u0144ca Gminy Sk\u00f3rzec. Pomys\u0142odawczyni Gminnych Miko\u0142ajek Olga Gajo, dyrektor Gminnej Biblioteki Publicznej w Sk\u00f3rcu, postanowi\u0142a z tej okazji przypomnie\u0107 Mari\u0119 Buyno-Arctow\u0105 &#8211; autork\u0119 67 ksi\u0105\u017cek dla dzieci i m\u0142odzie\u017cy oraz redaktork\u0119 pism dzieci\u0119cych. \u017by\u0142a ona w latach 1877\u20131952, a od sierpnia 1939 roku do \u015bmierci, mieszka\u0142a w Dobrzanowie niedaleko Sk\u00f3rca. Do jej najbardziej znanych utwor\u00f3w nale\u017c\u0105 \u201eKocia Mama i jej przygody\u201d oraz \u201eS\u0142oneczko\u201d. To w\u0142a\u015bnie spektakl teatralny na motywach tej ostatniej ksi\u0105\u017cki rozpocz\u0105\u0142 Gminne Miko\u0142ajki. Przygotowa\u0142o go Ko\u0142o Teatralne ,,Zawodowi amatorzy\u201d pracuj\u0105ce pod kierunkiem Beaty Ko\u0144cy \u2013 mamy Karola.<br \/>W Sk\u00f3rcu by\u0142 Andrzej Ilczuk.<\/p>\n\n\n<figure class=\"wp-block-image size-large\"><img loading=\"lazy\" decoding=\"async\" width=\"1024\" height=\"636\" src=\"https:\/\/archiwum.radiopodlasie.pl\/NEW\/wp-content\/uploads\/2025\/12\/ai_08_skorzec_mikolajki-1024x636.jpg\" alt=\"\" class=\"wp-image-29381\" srcset=\"http:\/\/archiwum.radiopodlasie.pl\/NEW\/wp-content\/uploads\/2025\/12\/ai_08_skorzec_mikolajki-1024x636.jpg 1024w, http:\/\/archiwum.radiopodlasie.pl\/NEW\/wp-content\/uploads\/2025\/12\/ai_08_skorzec_mikolajki-300x186.jpg 300w, http:\/\/archiwum.radiopodlasie.pl\/NEW\/wp-content\/uploads\/2025\/12\/ai_08_skorzec_mikolajki-768x477.jpg 768w, http:\/\/archiwum.radiopodlasie.pl\/NEW\/wp-content\/uploads\/2025\/12\/ai_08_skorzec_mikolajki.jpg 1304w\" sizes=\"auto, (max-width: 1024px) 100vw, 1024px\" \/><\/figure>\n\n\n\n<figure class=\"wp-block-audio\"><audio controls src=\"https:\/\/dzwieki.radiopodlasie.pl:8789\/uploads\/2025\/12\/251208_ai_08_skorzec_mikolajki.mp3\"><\/audio><\/figure>\n\n\n\n<p>O Gminnych Miko\u0142ajkach w Sk\u00f3rcu piszemy obszernie w portalu podlasie24<\/p>\n\n\n\n<p><\/p>\n","protected":false},"excerpt":{"rendered":"<p>Tytu\u0142: Pierwsze Gminne Miko\u0142ajki w Sk\u00f3rcu Autor: Andrzej Ilczuk Nazwa audycji: WywiadyData emisji: 08-12-2025 To by\u0142o popo\u0142udnie pe\u0142ne ciep\u0142a, rado\u015bci i ofiarnych serc. W Sk\u00f3rcu, w sobot\u0119 6 grudnia, odby\u0142y si\u0119 pierwsze Gminne Miko\u0142ajki.&#46;&#46;&#46;<\/p>\n","protected":false},"author":123459,"featured_media":29381,"comment_status":"open","ping_status":"open","sticky":false,"template":"","format":"standard","meta":{"om_disable_all_campaigns":false,"_monsterinsights_skip_tracking":false,"_monsterinsights_sitenote_active":false,"_monsterinsights_sitenote_note":"","_monsterinsights_sitenote_category":0,"footnotes":""},"categories":[362,320],"tags":[14,4461,477],"class_list":["post-29379","post","type-post","status-publish","format-standard","has-post-thumbnail","hentry","category-andrzej-ilczuk","category-wywiady","tag-andrzej-ilczuk","tag-mikolajki","tag-skorzec"],"aioseo_notices":[],"_links":{"self":[{"href":"http:\/\/archiwum.radiopodlasie.pl\/NEW\/wp-json\/wp\/v2\/posts\/29379","targetHints":{"allow":["GET"]}}],"collection":[{"href":"http:\/\/archiwum.radiopodlasie.pl\/NEW\/wp-json\/wp\/v2\/posts"}],"about":[{"href":"http:\/\/archiwum.radiopodlasie.pl\/NEW\/wp-json\/wp\/v2\/types\/post"}],"author":[{"embeddable":true,"href":"http:\/\/archiwum.radiopodlasie.pl\/NEW\/wp-json\/wp\/v2\/users\/123459"}],"replies":[{"embeddable":true,"href":"http:\/\/archiwum.radiopodlasie.pl\/NEW\/wp-json\/wp\/v2\/comments?post=29379"}],"version-history":[{"count":2,"href":"http:\/\/archiwum.radiopodlasie.pl\/NEW\/wp-json\/wp\/v2\/posts\/29379\/revisions"}],"predecessor-version":[{"id":29382,"href":"http:\/\/archiwum.radiopodlasie.pl\/NEW\/wp-json\/wp\/v2\/posts\/29379\/revisions\/29382"}],"wp:featuredmedia":[{"embeddable":true,"href":"http:\/\/archiwum.radiopodlasie.pl\/NEW\/wp-json\/wp\/v2\/media\/29381"}],"wp:attachment":[{"href":"http:\/\/archiwum.radiopodlasie.pl\/NEW\/wp-json\/wp\/v2\/media?parent=29379"}],"wp:term":[{"taxonomy":"category","embeddable":true,"href":"http:\/\/archiwum.radiopodlasie.pl\/NEW\/wp-json\/wp\/v2\/categories?post=29379"},{"taxonomy":"post_tag","embeddable":true,"href":"http:\/\/archiwum.radiopodlasie.pl\/NEW\/wp-json\/wp\/v2\/tags?post=29379"}],"curies":[{"name":"wp","href":"https:\/\/api.w.org\/{rel}","templated":true}]}}