{"id":29397,"date":"2025-12-10T20:02:00","date_gmt":"2025-12-10T19:02:00","guid":{"rendered":"http:\/\/archiwum.radiopodlasie.pl\/NEW\/?p=29397"},"modified":"2025-12-12T15:02:51","modified_gmt":"2025-12-12T14:02:51","slug":"swieta-bozego-narodzenia-czas-budowania-relacji","status":"publish","type":"post","link":"http:\/\/archiwum.radiopodlasie.pl\/NEW\/2025\/12\/10\/swieta-bozego-narodzenia-czas-budowania-relacji\/","title":{"rendered":"\u015awi\u0119ta Bo\u017cego Narodzenia &#8211; czas budowania relacji"},"content":{"rendered":"<p>Tytu\u0142: \u015awi\u0119ta Bo\u017cego Narodzenia &#8211; czas budowania relacji<\/p>\n<p>Autor: <span class=\"x193iq5w xeuugli x13faqbe x1vvkbs x1xmvt09 x1lliihq x1s928wv xhkezso x1gmr53x x1cpjm7i x1fgarty x1943h6x xudqn12 x3x7a5m x6prxxf xvq8zen xo1l8bm xzsf02u x1yc453h\" dir=\"auto\"><span class=\"html-span xdj266r x11i5rnm xat24cr x1mh8g0r xexx8yu x4uap5 x18d9i69 xkhd6sd x1hl2dhg x16tdsg8 x1vvkbs\"><span class=\"xt0psk2\">ks. Jakub Kozak<\/span><\/span><\/span><\/p>\n<p>Nazwa audycji: <strong><span style=\"color: #339966;\">Czarno na bia\u0142ym<\/span><\/strong><br \/>Data emisji: 10-12-2025<\/p>\n<p>W dzisiejszej audycji Czarno na bia\u0142ym ks. Jakub Kozak oraz Joanna i Norbert Dawidczykowie &#8211; psychologowie, psychoterapeuci, doradcy \u017cycia rodzinnego, ma\u0142\u017conkowie i rodzice, rozmawiali o tym jak dobrze przygotowa\u0107 si\u0119 na nadchodz\u0105ce \u015awi\u0119ta Bo\u017cego Narodzenia, aby rzeczywi\u015bcie by\u0142e one dla nas czasem budowania relacji rodzinnych, relacji ma\u0142\u017ce\u0144skich.<br \/><a href=\"https:\/\/www.facebook.com\/drsiedlce\">Duszpasterstwo Rodzin Diecezji Siedleckiej<\/a>.<\/p>\n\n\n<figure class=\"wp-block-image size-large\"><img loading=\"lazy\" decoding=\"async\" width=\"1024\" height=\"1024\" src=\"https:\/\/archiwum.radiopodlasie.pl\/NEW\/wp-content\/uploads\/2025\/10\/kozak_audycja-1024x1024.jpg\" alt=\"\" class=\"wp-image-28539\" srcset=\"http:\/\/archiwum.radiopodlasie.pl\/NEW\/wp-content\/uploads\/2025\/10\/kozak_audycja-1024x1024.jpg 1024w, http:\/\/archiwum.radiopodlasie.pl\/NEW\/wp-content\/uploads\/2025\/10\/kozak_audycja-300x300.jpg 300w, http:\/\/archiwum.radiopodlasie.pl\/NEW\/wp-content\/uploads\/2025\/10\/kozak_audycja-150x150.jpg 150w, http:\/\/archiwum.radiopodlasie.pl\/NEW\/wp-content\/uploads\/2025\/10\/kozak_audycja-768x768.jpg 768w, http:\/\/archiwum.radiopodlasie.pl\/NEW\/wp-content\/uploads\/2025\/10\/kozak_audycja-70x70.jpg 70w, http:\/\/archiwum.radiopodlasie.pl\/NEW\/wp-content\/uploads\/2025\/10\/kozak_audycja-80x80.jpg 80w, http:\/\/archiwum.radiopodlasie.pl\/NEW\/wp-content\/uploads\/2025\/10\/kozak_audycja-320x320.jpg 320w, http:\/\/archiwum.radiopodlasie.pl\/NEW\/wp-content\/uploads\/2025\/10\/kozak_audycja-250x250.jpg 250w, http:\/\/archiwum.radiopodlasie.pl\/NEW\/wp-content\/uploads\/2025\/10\/kozak_audycja.jpg 1080w\" sizes=\"auto, (max-width: 1024px) 100vw, 1024px\" \/><\/figure>\n\n\n\n<figure class=\"wp-block-audio\"><audio controls src=\"https:\/\/dzwieki.radiopodlasie.pl:8789\/uploads\/2025\/12\/251210_czarno_kozak.mp3\"><\/audio><\/figure>\n","protected":false},"excerpt":{"rendered":"<p>Tytu\u0142: \u015awi\u0119ta Bo\u017cego Narodzenia &#8211; czas budowania relacji Autor: ks. Jakub Kozak Nazwa audycji: Czarno na bia\u0142ymData emisji: 10-12-2025 W dzisiejszej audycji Czarno na bia\u0142ym ks. Jakub Kozak oraz Joanna i Norbert Dawidczykowie &#8211;&#46;&#46;&#46;<\/p>\n","protected":false},"author":123459,"featured_media":6448,"comment_status":"open","ping_status":"open","sticky":false,"template":"","format":"standard","meta":{"om_disable_all_campaigns":false,"_monsterinsights_skip_tracking":false,"_monsterinsights_sitenote_active":false,"_monsterinsights_sitenote_note":"","_monsterinsights_sitenote_category":0,"footnotes":""},"categories":[323,327],"tags":[55,4463,1056,4464],"class_list":["post-29397","post","type-post","status-publish","format-standard","has-post-thumbnail","hentry","category-audycje","category-czarno-na-bialym","tag-czarno-na-bialym","tag-joanna-dawidczyk","tag-ks-jakub-kozak","tag-norbert-dawidczyk"],"aioseo_notices":[],"_links":{"self":[{"href":"http:\/\/archiwum.radiopodlasie.pl\/NEW\/wp-json\/wp\/v2\/posts\/29397","targetHints":{"allow":["GET"]}}],"collection":[{"href":"http:\/\/archiwum.radiopodlasie.pl\/NEW\/wp-json\/wp\/v2\/posts"}],"about":[{"href":"http:\/\/archiwum.radiopodlasie.pl\/NEW\/wp-json\/wp\/v2\/types\/post"}],"author":[{"embeddable":true,"href":"http:\/\/archiwum.radiopodlasie.pl\/NEW\/wp-json\/wp\/v2\/users\/123459"}],"replies":[{"embeddable":true,"href":"http:\/\/archiwum.radiopodlasie.pl\/NEW\/wp-json\/wp\/v2\/comments?post=29397"}],"version-history":[{"count":2,"href":"http:\/\/archiwum.radiopodlasie.pl\/NEW\/wp-json\/wp\/v2\/posts\/29397\/revisions"}],"predecessor-version":[{"id":29399,"href":"http:\/\/archiwum.radiopodlasie.pl\/NEW\/wp-json\/wp\/v2\/posts\/29397\/revisions\/29399"}],"wp:featuredmedia":[{"embeddable":true,"href":"http:\/\/archiwum.radiopodlasie.pl\/NEW\/wp-json\/wp\/v2\/media\/6448"}],"wp:attachment":[{"href":"http:\/\/archiwum.radiopodlasie.pl\/NEW\/wp-json\/wp\/v2\/media?parent=29397"}],"wp:term":[{"taxonomy":"category","embeddable":true,"href":"http:\/\/archiwum.radiopodlasie.pl\/NEW\/wp-json\/wp\/v2\/categories?post=29397"},{"taxonomy":"post_tag","embeddable":true,"href":"http:\/\/archiwum.radiopodlasie.pl\/NEW\/wp-json\/wp\/v2\/tags?post=29397"}],"curies":[{"name":"wp","href":"https:\/\/api.w.org\/{rel}","templated":true}]}}