{"id":29400,"date":"2025-12-11T14:00:00","date_gmt":"2025-12-11T13:00:00","guid":{"rendered":"http:\/\/archiwum.radiopodlasie.pl\/NEW\/?p=29400"},"modified":"2025-12-12T14:48:43","modified_gmt":"2025-12-12T13:48:43","slug":"o-ochronie-przyrody-w-lasach-zarzadzanych-przez-lasy-panstwowe-audycja-nadajemy-z-lasu-z-11-grudnia-2025","status":"publish","type":"post","link":"http:\/\/archiwum.radiopodlasie.pl\/NEW\/2025\/12\/11\/o-ochronie-przyrody-w-lasach-zarzadzanych-przez-lasy-panstwowe-audycja-nadajemy-z-lasu-z-11-grudnia-2025\/","title":{"rendered":"O ochronie przyrody w lasach zarz\u0105dzanych przez Lasy Pa\u0144stwowe &#8211; audycja &#8222;Nadajemy z lasu&#8221; z 11 grudnia 2025"},"content":{"rendered":"<p>Tytu\u0142: O ochronie przyrody w lasach zarz\u0105dzanych przez Lasy Pa\u0144stwowe &#8211; audycja &#8222;Nadajemy z lasu&#8221; z 11 grudnia 2025<\/p>\n<p>Autor: Agnieszka Bolewska &#8211; Iwaniuk<\/p>\n<p>Nazwa audycji: <strong>Wywiady, Nadajemy z lasu<\/strong><br \/>Data emisji: 11-12-2025<\/p>\n<p>\u201eNadajemy z lasu\u201d, to cykl audycji, w kt\u00f3rych odwiedzamy Nadle\u015bnictwo Nurzec w Nurcu-Stacji.<br \/>Dzi\u015b porozmawiamy o ochronie przyrody w lasach zarz\u0105dzanych przez Lasy Pa\u0144stwowe \u2013 o tym, jakie formy ochrony spotykamy na gruntach przez nie zarz\u0105dzanych i jaka jest rola le\u015bnik\u00f3w w ich tworzeniu oraz jak wygl\u0105da sytuacja na konkretnym terenie: w Nadle\u015bnictwie Nurzec. Go\u015bciem audycji jest Zast\u0119pca Nadle\u015bniczego Nadle\u015bnictwa Nurzec \u2013 Jaros\u0142aw Kutyna i starszy specjalista s\u0142u\u017cby le\u015bnej ds. ochrony przyrody \u2013 Katarzyna Marciszonek. <br \/>Audycj\u0119 przygotowa\u0142a Agnieszka Bolewska-Iwaniuk.<\/p>\n\n\n<figure class=\"wp-block-image size-large\"><img loading=\"lazy\" decoding=\"async\" width=\"1024\" height=\"1024\" src=\"http:\/\/archiwum.radiopodlasie.pl\/NEW\/wp-content\/uploads\/2025\/12\/lasy_11122025-1024x1024.jpg\" alt=\"\" class=\"wp-image-29401\" srcset=\"http:\/\/archiwum.radiopodlasie.pl\/NEW\/wp-content\/uploads\/2025\/12\/lasy_11122025-1024x1024.jpg 1024w, http:\/\/archiwum.radiopodlasie.pl\/NEW\/wp-content\/uploads\/2025\/12\/lasy_11122025-300x300.jpg 300w, http:\/\/archiwum.radiopodlasie.pl\/NEW\/wp-content\/uploads\/2025\/12\/lasy_11122025-150x150.jpg 150w, http:\/\/archiwum.radiopodlasie.pl\/NEW\/wp-content\/uploads\/2025\/12\/lasy_11122025-768x768.jpg 768w, http:\/\/archiwum.radiopodlasie.pl\/NEW\/wp-content\/uploads\/2025\/12\/lasy_11122025-70x70.jpg 70w, http:\/\/archiwum.radiopodlasie.pl\/NEW\/wp-content\/uploads\/2025\/12\/lasy_11122025-80x80.jpg 80w, http:\/\/archiwum.radiopodlasie.pl\/NEW\/wp-content\/uploads\/2025\/12\/lasy_11122025-320x320.jpg 320w, http:\/\/archiwum.radiopodlasie.pl\/NEW\/wp-content\/uploads\/2025\/12\/lasy_11122025-250x250.jpg 250w, http:\/\/archiwum.radiopodlasie.pl\/NEW\/wp-content\/uploads\/2025\/12\/lasy_11122025.jpg 1080w\" sizes=\"auto, (max-width: 1024px) 100vw, 1024px\" \/><\/figure>\n\n\n\n<figure class=\"wp-block-audio\"><audio controls src=\"https:\/\/dzwieki.radiopodlasie.pl:8789\/uploads\/2025\/12\/251211_abol_11_lasy_umowa.mp3\"><\/audio><\/figure>\n","protected":false},"excerpt":{"rendered":"<p>Tytu\u0142: O ochronie przyrody w lasach zarz\u0105dzanych przez Lasy Pa\u0144stwowe &#8211; audycja &#8222;Nadajemy z lasu&#8221; z 11 grudnia 2025 Autor: Agnieszka Bolewska &#8211; Iwaniuk Nazwa audycji: Wywiady, Nadajemy z lasuData emisji: 11-12-2025 \u201eNadajemy z&#46;&#46;&#46;<\/p>\n","protected":false},"author":123459,"featured_media":6622,"comment_status":"open","ping_status":"open","sticky":false,"template":"","format":"standard","meta":{"om_disable_all_campaigns":false,"_monsterinsights_skip_tracking":false,"_monsterinsights_sitenote_active":false,"_monsterinsights_sitenote_note":"","_monsterinsights_sitenote_category":0,"footnotes":""},"categories":[360,323,3513],"tags":[201,4455,4456,4056],"class_list":["post-29400","post","type-post","status-publish","format-standard","has-post-thumbnail","hentry","category-agnieszka-bolewska-iwaniuk","category-audycje","category-nadajemy-z-lasu","tag-agnieszka-bolewska-iwaniuk","tag-jaroslaw-kutyna","tag-katarzyna-marciszonek","tag-nadlesnictwo-nurzec"],"aioseo_notices":[],"_links":{"self":[{"href":"http:\/\/archiwum.radiopodlasie.pl\/NEW\/wp-json\/wp\/v2\/posts\/29400","targetHints":{"allow":["GET"]}}],"collection":[{"href":"http:\/\/archiwum.radiopodlasie.pl\/NEW\/wp-json\/wp\/v2\/posts"}],"about":[{"href":"http:\/\/archiwum.radiopodlasie.pl\/NEW\/wp-json\/wp\/v2\/types\/post"}],"author":[{"embeddable":true,"href":"http:\/\/archiwum.radiopodlasie.pl\/NEW\/wp-json\/wp\/v2\/users\/123459"}],"replies":[{"embeddable":true,"href":"http:\/\/archiwum.radiopodlasie.pl\/NEW\/wp-json\/wp\/v2\/comments?post=29400"}],"version-history":[{"count":2,"href":"http:\/\/archiwum.radiopodlasie.pl\/NEW\/wp-json\/wp\/v2\/posts\/29400\/revisions"}],"predecessor-version":[{"id":29410,"href":"http:\/\/archiwum.radiopodlasie.pl\/NEW\/wp-json\/wp\/v2\/posts\/29400\/revisions\/29410"}],"wp:featuredmedia":[{"embeddable":true,"href":"http:\/\/archiwum.radiopodlasie.pl\/NEW\/wp-json\/wp\/v2\/media\/6622"}],"wp:attachment":[{"href":"http:\/\/archiwum.radiopodlasie.pl\/NEW\/wp-json\/wp\/v2\/media?parent=29400"}],"wp:term":[{"taxonomy":"category","embeddable":true,"href":"http:\/\/archiwum.radiopodlasie.pl\/NEW\/wp-json\/wp\/v2\/categories?post=29400"},{"taxonomy":"post_tag","embeddable":true,"href":"http:\/\/archiwum.radiopodlasie.pl\/NEW\/wp-json\/wp\/v2\/tags?post=29400"}],"curies":[{"name":"wp","href":"https:\/\/api.w.org\/{rel}","templated":true}]}}