{"id":29408,"date":"2025-12-11T20:24:00","date_gmt":"2025-12-11T19:24:00","guid":{"rendered":"http:\/\/archiwum.radiopodlasie.pl\/NEW\/?p=29408"},"modified":"2025-12-12T17:25:11","modified_gmt":"2025-12-12T16:25:11","slug":"uroczystosci-wspomnien-i-dni-zwykle-w-kosciele","status":"publish","type":"post","link":"http:\/\/archiwum.radiopodlasie.pl\/NEW\/2025\/12\/11\/uroczystosci-wspomnien-i-dni-zwykle-w-kosciele\/","title":{"rendered":"Uroczysto\u015bci wspomnie\u0144 i dni &#8222;zwyk\u0142e&#8221; w Ko\u015bciele"},"content":{"rendered":"<p>Tytu\u0142: Uroczysto\u015bci wspomnie\u0144 i dni &#8222;zwyk\u0142e&#8221; w Ko\u015bciele<\/p>\n<p>Autor: <span class=\"x193iq5w xeuugli x13faqbe x1vvkbs x1xmvt09 x1lliihq x1s928wv xhkezso x1gmr53x x1cpjm7i x1fgarty x1943h6x xudqn12 x3x7a5m x6prxxf xvq8zen xo1l8bm xzsf02u x1yc453h\" dir=\"auto\">ks. \u0141ukasz Celi\u0144ski, Krzysztof Strus<span class=\"html-span xdj266r x11i5rnm xat24cr x1mh8g0r xexx8yu x4uap5 x18d9i69 xkhd6sd x1hl2dhg x16tdsg8 x1vvkbs\"><span class=\"xt0psk2\"><br \/><\/span><\/span><\/span><\/p>\n<p>Nazwa audycji: <strong><span style=\"color: #339966;\">W sercu Ko\u015bcio\u0142a. S\u0142\u00f3w kilka o liturgii<\/span><\/strong><br \/>Data emisji: 11-12-2025<\/p>\n\n\n<p>Dzi\u015b w audycji \u201eW Sercu Ko\u015bcio\u0142a: S\u0142\u00f3w kilka o liturgii&#8221; ks. \u0141ukasz Celi\u0144ski i Krzysztof Strus poruszyli temat uroczysto\u015bci wspomnie\u0144, a tak\u017ce dni &#8222;zwyk\u0142ych&#8221;, kt\u00f3re odbywaj\u0105 si\u0119 w Ko\u015bciele.<br>Zapraszamy do wys\u0142uchania audycji.<\/p>\n\n\n\n<figure class=\"wp-block-image size-large\"><img loading=\"lazy\" decoding=\"async\" width=\"1024\" height=\"1024\" src=\"https:\/\/archiwum.radiopodlasie.pl\/NEW\/wp-content\/uploads\/2025\/10\/celinski_strus-1024x1024.jpg\" alt=\"\" class=\"wp-image-28547\" srcset=\"http:\/\/archiwum.radiopodlasie.pl\/NEW\/wp-content\/uploads\/2025\/10\/celinski_strus-1024x1024.jpg 1024w, http:\/\/archiwum.radiopodlasie.pl\/NEW\/wp-content\/uploads\/2025\/10\/celinski_strus-300x300.jpg 300w, http:\/\/archiwum.radiopodlasie.pl\/NEW\/wp-content\/uploads\/2025\/10\/celinski_strus-150x150.jpg 150w, http:\/\/archiwum.radiopodlasie.pl\/NEW\/wp-content\/uploads\/2025\/10\/celinski_strus-768x768.jpg 768w, http:\/\/archiwum.radiopodlasie.pl\/NEW\/wp-content\/uploads\/2025\/10\/celinski_strus-70x70.jpg 70w, http:\/\/archiwum.radiopodlasie.pl\/NEW\/wp-content\/uploads\/2025\/10\/celinski_strus-80x80.jpg 80w, http:\/\/archiwum.radiopodlasie.pl\/NEW\/wp-content\/uploads\/2025\/10\/celinski_strus-320x320.jpg 320w, http:\/\/archiwum.radiopodlasie.pl\/NEW\/wp-content\/uploads\/2025\/10\/celinski_strus-250x250.jpg 250w, http:\/\/archiwum.radiopodlasie.pl\/NEW\/wp-content\/uploads\/2025\/10\/celinski_strus.jpg 1080w\" sizes=\"auto, (max-width: 1024px) 100vw, 1024px\" \/><\/figure>\n\n\n\n<figure class=\"wp-block-audio\"><audio controls src=\"https:\/\/dzwieki.radiopodlasie.pl:8789\/uploads\/2025\/12\/251211_w_sercu_kosciola.mp3\"><\/audio><\/figure>\n\n\n\n<p><\/p>\n","protected":false},"excerpt":{"rendered":"<p>Tytu\u0142: Uroczysto\u015bci wspomnie\u0144 i dni &#8222;zwyk\u0142e&#8221; w Ko\u015bciele Autor: ks. \u0141ukasz Celi\u0144ski, Krzysztof Strus Nazwa audycji: W sercu Ko\u015bcio\u0142a. S\u0142\u00f3w kilka o liturgiiData emisji: 11-12-2025 Dzi\u015b w audycji \u201eW Sercu Ko\u015bcio\u0142a: S\u0142\u00f3w kilka o&#46;&#46;&#46;<\/p>\n","protected":false},"author":123459,"featured_media":28548,"comment_status":"open","ping_status":"open","sticky":false,"template":"","format":"standard","meta":{"om_disable_all_campaigns":false,"_monsterinsights_skip_tracking":false,"_monsterinsights_sitenote_active":false,"_monsterinsights_sitenote_note":"","_monsterinsights_sitenote_category":0,"footnotes":""},"categories":[4362],"tags":[4364,3126,4363],"class_list":["post-29408","post","type-post","status-publish","format-standard","has-post-thumbnail","hentry","category-w-sercu-kosciola-slow-kilka-o-liturgii","tag-krzysztof-strus","tag-ks-lukasz-celinski","tag-w-sercu-kosciola"],"aioseo_notices":[],"_links":{"self":[{"href":"http:\/\/archiwum.radiopodlasie.pl\/NEW\/wp-json\/wp\/v2\/posts\/29408","targetHints":{"allow":["GET"]}}],"collection":[{"href":"http:\/\/archiwum.radiopodlasie.pl\/NEW\/wp-json\/wp\/v2\/posts"}],"about":[{"href":"http:\/\/archiwum.radiopodlasie.pl\/NEW\/wp-json\/wp\/v2\/types\/post"}],"author":[{"embeddable":true,"href":"http:\/\/archiwum.radiopodlasie.pl\/NEW\/wp-json\/wp\/v2\/users\/123459"}],"replies":[{"embeddable":true,"href":"http:\/\/archiwum.radiopodlasie.pl\/NEW\/wp-json\/wp\/v2\/comments?post=29408"}],"version-history":[{"count":2,"href":"http:\/\/archiwum.radiopodlasie.pl\/NEW\/wp-json\/wp\/v2\/posts\/29408\/revisions"}],"predecessor-version":[{"id":29431,"href":"http:\/\/archiwum.radiopodlasie.pl\/NEW\/wp-json\/wp\/v2\/posts\/29408\/revisions\/29431"}],"wp:featuredmedia":[{"embeddable":true,"href":"http:\/\/archiwum.radiopodlasie.pl\/NEW\/wp-json\/wp\/v2\/media\/28548"}],"wp:attachment":[{"href":"http:\/\/archiwum.radiopodlasie.pl\/NEW\/wp-json\/wp\/v2\/media?parent=29408"}],"wp:term":[{"taxonomy":"category","embeddable":true,"href":"http:\/\/archiwum.radiopodlasie.pl\/NEW\/wp-json\/wp\/v2\/categories?post=29408"},{"taxonomy":"post_tag","embeddable":true,"href":"http:\/\/archiwum.radiopodlasie.pl\/NEW\/wp-json\/wp\/v2\/tags?post=29408"}],"curies":[{"name":"wp","href":"https:\/\/api.w.org\/{rel}","templated":true}]}}