{"id":29414,"date":"2025-12-11T17:26:00","date_gmt":"2025-12-11T16:26:00","guid":{"rendered":"https:\/\/archiwum.radiopodlasie.pl\/NEW\/?p=29414"},"modified":"2025-12-12T15:27:25","modified_gmt":"2025-12-12T14:27:25","slug":"przyszlosc-siedleckiego-sportu-w-latach-2026-2029-cz-2-rozmowy","status":"publish","type":"post","link":"http:\/\/archiwum.radiopodlasie.pl\/NEW\/2025\/12\/11\/przyszlosc-siedleckiego-sportu-w-latach-2026-2029-cz-2-rozmowy\/","title":{"rendered":"Przysz\u0142o\u015b\u0107 siedleckiego sportu w latach 2026-2029 &#8211; cz. 2 rozmowy"},"content":{"rendered":"<p>Tytu\u0142: Przysz\u0142o\u015b\u0107 siedleckiego sportu w latach 2026-2029 &#8211; cz. 2 rozmowy<\/p>\n<p>Autor: Katarzyna Chaci\u0144ska<\/p>\n<p>Nazwa audycji: <strong><span style=\"color: #339966;\">Wywiady<\/span><\/strong><br \/>Data emisji: 11-12-2025<\/p>\n<p>Wracamy dzisiaj do rozmowy Katarzyny Chaci\u0144skiej z Tomaszem Hapunowiczem, Prezydentem Miasta Siedlce na temat dalszego rozwoju sportowego miasta Siedlce, a tak\u017ce wyzwa\u0144 i problem\u00f3w, kt\u00f3re si\u0119 ca\u0142y czas pojawiaj\u0105 i przed kt\u00f3rych rozwi\u0105zaniem stoi Urz\u0105d Miasta Siedlce.<\/p>\n\n\n<figure class=\"wp-block-audio\"><audio controls src=\"https:\/\/dzwieki.radiopodlasie.pl:8789\/uploads\/2025\/12\/251211_11_prezydent_sport_cz_2.mp3\"><\/audio><\/figure>\n\n\n\n<p>Przypomnijmy, w 2025 roku pula \u015brodk\u00f3w na siedlecki sport wynosi\u0142a 5 374 921 z\u0142. W 2026 r. kwota ta wzro\u015bnie do 5 720 000.Obecnie dzia\u0142alno\u015b\u0107 w zakresie sportu i rekreacji prowadzi kilkana\u015bcie stowarzysze\u0144 sportowych i ponad 20 uczniowskich klub\u00f3w sportowych. W mie\u015bcie rozwija si\u0119 przede wszystkim pi\u0142ka no\u017cna, koszyk\u00f3wka, rugby, siatk\u00f3wka, lekkoatletyka, a ostatnio nawet podnoszenie ci\u0119\u017car\u00f3w czy narciarstwo biegowe.<br>Z kolei, w 2029 roku dotowanie siedleckiego sportu jak szacuje Urz\u0105d Miasta Siedlce dojdzie do blisko 7 milion\u00f3w z\u0142otych (6 903 000)z\u0142.<\/p>\n","protected":false},"excerpt":{"rendered":"<p>Tytu\u0142: Przysz\u0142o\u015b\u0107 siedleckiego sportu w latach 2026-2029 &#8211; cz. 2 rozmowy Autor: Katarzyna Chaci\u0144ska Nazwa audycji: WywiadyData emisji: 11-12-2025 Wracamy dzisiaj do rozmowy Katarzyny Chaci\u0144skiej z Tomaszem Hapunowiczem, Prezydentem Miasta Siedlce na temat dalszego&#46;&#46;&#46;<\/p>\n","protected":false},"author":123459,"featured_media":5184,"comment_status":"open","ping_status":"open","sticky":false,"template":"","format":"standard","meta":{"om_disable_all_campaigns":false,"_monsterinsights_skip_tracking":false,"_monsterinsights_sitenote_active":false,"_monsterinsights_sitenote_note":"","_monsterinsights_sitenote_category":0,"footnotes":""},"categories":[3528,320],"tags":[3712,179,248],"class_list":["post-29414","post","type-post","status-publish","format-standard","has-post-thumbnail","hentry","category-katarzyna-chacinska","category-wywiady","tag-katarzyna-chacinska","tag-siedlce","tag-tomasz-hapunowicz"],"aioseo_notices":[],"_links":{"self":[{"href":"http:\/\/archiwum.radiopodlasie.pl\/NEW\/wp-json\/wp\/v2\/posts\/29414","targetHints":{"allow":["GET"]}}],"collection":[{"href":"http:\/\/archiwum.radiopodlasie.pl\/NEW\/wp-json\/wp\/v2\/posts"}],"about":[{"href":"http:\/\/archiwum.radiopodlasie.pl\/NEW\/wp-json\/wp\/v2\/types\/post"}],"author":[{"embeddable":true,"href":"http:\/\/archiwum.radiopodlasie.pl\/NEW\/wp-json\/wp\/v2\/users\/123459"}],"replies":[{"embeddable":true,"href":"http:\/\/archiwum.radiopodlasie.pl\/NEW\/wp-json\/wp\/v2\/comments?post=29414"}],"version-history":[{"count":1,"href":"http:\/\/archiwum.radiopodlasie.pl\/NEW\/wp-json\/wp\/v2\/posts\/29414\/revisions"}],"predecessor-version":[{"id":29415,"href":"http:\/\/archiwum.radiopodlasie.pl\/NEW\/wp-json\/wp\/v2\/posts\/29414\/revisions\/29415"}],"wp:featuredmedia":[{"embeddable":true,"href":"http:\/\/archiwum.radiopodlasie.pl\/NEW\/wp-json\/wp\/v2\/media\/5184"}],"wp:attachment":[{"href":"http:\/\/archiwum.radiopodlasie.pl\/NEW\/wp-json\/wp\/v2\/media?parent=29414"}],"wp:term":[{"taxonomy":"category","embeddable":true,"href":"http:\/\/archiwum.radiopodlasie.pl\/NEW\/wp-json\/wp\/v2\/categories?post=29414"},{"taxonomy":"post_tag","embeddable":true,"href":"http:\/\/archiwum.radiopodlasie.pl\/NEW\/wp-json\/wp\/v2\/tags?post=29414"}],"curies":[{"name":"wp","href":"https:\/\/api.w.org\/{rel}","templated":true}]}}