{"id":29416,"date":"2025-12-08T18:43:00","date_gmt":"2025-12-08T17:43:00","guid":{"rendered":"https:\/\/archiwum.radiopodlasie.pl\/NEW\/?p=29416"},"modified":"2025-12-12T15:43:52","modified_gmt":"2025-12-12T14:43:52","slug":"poswiecenie-kosciola-w-gorkach-homilia","status":"publish","type":"post","link":"http:\/\/archiwum.radiopodlasie.pl\/NEW\/2025\/12\/08\/poswiecenie-kosciola-w-gorkach-homilia\/","title":{"rendered":"Po\u015bwi\u0119cenie ko\u015bcio\u0142a w G\u00f3rkach. Homilia"},"content":{"rendered":"<p>Tytu\u0142: Po\u015bwi\u0119cenie ko\u015bcio\u0142a w G\u00f3rkach. Homilia<\/p>\n<p>Autor: Bp Kazimierz Gurda<\/p>\n<p>Nazwa audycji:<strong><span style=\"color: #339966;\"> Homilie<\/span><\/strong><br \/>Data emisji: 08-12-2025<\/p>\n<p>Uroczysto\u015b\u0107 po\u015bwi\u0119cenia ko\u015bcio\u0142a i o\u0142tarza w G\u00f3rkach ko\u0142o Garwolina zgromadzi\u0142a duchowie\u0144stwo, przedstawicieli w\u0142adz oraz licznych wiernych. Wydarzeniu przewodniczy\u0142 biskup Kazimierz Gurda, kt\u00f3ry dokona\u0142 tak\u017ce koronacji figury Matki Bo\u017cej Szkaplerznej, patronki parafii.<br \/>8 grudnia 2025 w G\u00f3rkach ko\u0142o Garwolina odby\u0142a si\u0119 wyj\u0105tkowa uroczysto\u015b\u0107 po\u015bwi\u0119cenia nowego ko\u015bcio\u0142a i o\u0142tarza, na kt\u00f3r\u0105 przyby\u0142o blisko 50 ksi\u0119\u017cy, siostry zakonne, parlamentarzy\u015bci, samorz\u0105dowcy oraz rzesze wiernych i pielgrzym\u00f3w. Centralnym punktem wydarzenia by\u0142a Msza \u015bw. koncelebrowana pod przewodnictwem biskupa Kazimierza Gurdy. Ordynariusz diecezji pob\u0142ogos\u0142awi\u0142 wod\u0119 i pokropi\u0142 ni\u0105 zgromadzonych, o\u0142tarz oraz \u015bciany \u015bwi\u0105tyni. W o\u0142tarzu z\u0142o\u017cono relikwie b\u0142ogos\u0142awionego ks. Bronis\u0142awa Markiewicza, za\u0142o\u017cyciela Zgromadzenia \u015bw. Micha\u0142a Archanio\u0142a.<\/p>\n\n\n<figure class=\"wp-block-image size-large\"><img loading=\"lazy\" decoding=\"async\" width=\"1024\" height=\"580\" src=\"https:\/\/archiwum.radiopodlasie.pl\/NEW\/wp-content\/uploads\/2025\/12\/gorki-1024x580.jpg\" alt=\"\" class=\"wp-image-29417\" srcset=\"http:\/\/archiwum.radiopodlasie.pl\/NEW\/wp-content\/uploads\/2025\/12\/gorki-1024x580.jpg 1024w, http:\/\/archiwum.radiopodlasie.pl\/NEW\/wp-content\/uploads\/2025\/12\/gorki-300x170.jpg 300w, http:\/\/archiwum.radiopodlasie.pl\/NEW\/wp-content\/uploads\/2025\/12\/gorki-768x435.jpg 768w, http:\/\/archiwum.radiopodlasie.pl\/NEW\/wp-content\/uploads\/2025\/12\/gorki.jpg 1026w\" sizes=\"auto, (max-width: 1024px) 100vw, 1024px\" \/><\/figure>\n\n\n\n<figure class=\"wp-block-audio\"><audio controls src=\"https:\/\/dzwieki.radiopodlasie.pl:8789\/uploads\/2025\/12\/251208_bp_gurda_gorki_homilia.mp3\"><\/audio><\/figure>\n","protected":false},"excerpt":{"rendered":"<p>Tytu\u0142: Po\u015bwi\u0119cenie ko\u015bcio\u0142a w G\u00f3rkach. Homilia Autor: Bp Kazimierz Gurda Nazwa audycji: HomilieData emisji: 08-12-2025 Uroczysto\u015b\u0107 po\u015bwi\u0119cenia ko\u015bcio\u0142a i o\u0142tarza w G\u00f3rkach ko\u0142o Garwolina zgromadzi\u0142a duchowie\u0144stwo, przedstawicieli w\u0142adz oraz licznych wiernych. Wydarzeniu przewodniczy\u0142 biskup&#46;&#46;&#46;<\/p>\n","protected":false},"author":123459,"featured_media":6622,"comment_status":"open","ping_status":"open","sticky":false,"template":"","format":"standard","meta":{"om_disable_all_campaigns":false,"_monsterinsights_skip_tracking":false,"_monsterinsights_sitenote_active":false,"_monsterinsights_sitenote_note":"","_monsterinsights_sitenote_category":0,"footnotes":""},"categories":[334],"tags":[71,694],"class_list":["post-29416","post","type-post","status-publish","format-standard","has-post-thumbnail","hentry","category-homilie","tag-homilia","tag-kosciol"],"aioseo_notices":[],"_links":{"self":[{"href":"http:\/\/archiwum.radiopodlasie.pl\/NEW\/wp-json\/wp\/v2\/posts\/29416","targetHints":{"allow":["GET"]}}],"collection":[{"href":"http:\/\/archiwum.radiopodlasie.pl\/NEW\/wp-json\/wp\/v2\/posts"}],"about":[{"href":"http:\/\/archiwum.radiopodlasie.pl\/NEW\/wp-json\/wp\/v2\/types\/post"}],"author":[{"embeddable":true,"href":"http:\/\/archiwum.radiopodlasie.pl\/NEW\/wp-json\/wp\/v2\/users\/123459"}],"replies":[{"embeddable":true,"href":"http:\/\/archiwum.radiopodlasie.pl\/NEW\/wp-json\/wp\/v2\/comments?post=29416"}],"version-history":[{"count":1,"href":"http:\/\/archiwum.radiopodlasie.pl\/NEW\/wp-json\/wp\/v2\/posts\/29416\/revisions"}],"predecessor-version":[{"id":29418,"href":"http:\/\/archiwum.radiopodlasie.pl\/NEW\/wp-json\/wp\/v2\/posts\/29416\/revisions\/29418"}],"wp:featuredmedia":[{"embeddable":true,"href":"http:\/\/archiwum.radiopodlasie.pl\/NEW\/wp-json\/wp\/v2\/media\/6622"}],"wp:attachment":[{"href":"http:\/\/archiwum.radiopodlasie.pl\/NEW\/wp-json\/wp\/v2\/media?parent=29416"}],"wp:term":[{"taxonomy":"category","embeddable":true,"href":"http:\/\/archiwum.radiopodlasie.pl\/NEW\/wp-json\/wp\/v2\/categories?post=29416"},{"taxonomy":"post_tag","embeddable":true,"href":"http:\/\/archiwum.radiopodlasie.pl\/NEW\/wp-json\/wp\/v2\/tags?post=29416"}],"curies":[{"name":"wp","href":"https:\/\/api.w.org\/{rel}","templated":true}]}}